{"id":214501,"date":"2022-01-14T22:20:33","date_gmt":"2022-01-14T20:20:33","guid":{"rendered":"http:\/\/107.6.182.27\/es\/?p=214501"},"modified":"2023-01-10T14:21:22","modified_gmt":"2023-01-10T12:21:22","slug":"violentos-bombardeos-turcos-con-artilleria-pesada-contra-tres-localidades-en-el-norte-de-siria","status":"publish","type":"post","link":"https:\/\/archive.sana.sy\/es\/?p=214501","title":{"rendered":"Violentos bombardeos turcos con artiller\u00eda pesada contra tres localidades en el norte de Siria"},"content":{"rendered":"<p style=\"text-align: justify;\"><strong>Hasakeh, 14 ene (SANA)\u00a0<\/strong>\u00a0 El ej\u00e9rcito de ocupaci\u00f3n turco y las milicias que operan bajo su mando bombardearon con artiller\u00eda pesada tres localidades en la provincia nororiental siria de Hasakeh.<\/p>\n<p style=\"text-align: justify;\">Seg\u00fan reportes del corresponsal de SANA, los ataques apuntaron contra las localidades de al-Dardara, Al-Abush y Tal Al-Ward en las \u00e1reas de Tal Tamr y Abu Rasin, y provocaron grandes p\u00e9rdidas materiales en las viviendas y propiedades de los ciudadanos.<\/p>\n<p style=\"text-align: justify;\">Las acciones b\u00e9licas de Ankara en el norte de Siria provocaron el desplazamiento de miles de familias.<\/p>\n<p style=\"text-align: justify;\">fm<\/p>\n","protected":false},"excerpt":{"rendered":"<p>Hasakeh, 14 ene (SANA)\u00a0\u00a0 El ej\u00e9rcito de ocupaci\u00f3n turco y las milicias que operan bajo su mando bombardearon con artiller\u00eda pesada tres localidades en la provincia nororiental siria de Hasakeh. Seg\u00fan reportes del corresponsal de SANA, los ataques apuntaron contra las localidades de al-Dardara, Al-Abush y Tal Al-Ward en las \u00e1reas de Tal Tamr y &hellip;<\/p>\n","protected":false},"author":34,"featured_media":214502,"comment_status":"closed","ping_status":"closed","sticky":false,"template":"","format":"standard","meta":{"footnotes":""},"categories":[447,477,597,573,476,457,583],"tags":[],"class_list":["post-214501","post","type-post","status-publish","format-standard","has-post-thumbnail","","category-local-politica","category-noticias-edulcorantes","category-cinta-de-noticias","category-la-realidad-de-los-acontecimientos-en-siria","category-locales","category-noticias-arabe-internacional-politica","category-slide"],"_links":{"self":[{"href":"https:\/\/archive.sana.sy\/es\/index.php?rest_route=\/wp\/v2\/posts\/214501"}],"collection":[{"href":"https:\/\/archive.sana.sy\/es\/index.php?rest_route=\/wp\/v2\/posts"}],"about":[{"href":"https:\/\/archive.sana.sy\/es\/index.php?rest_route=\/wp\/v2\/types\/post"}],"author":[{"embeddable":true,"href":"https:\/\/archive.sana.sy\/es\/index.php?rest_route=\/wp\/v2\/users\/34"}],"replies":[{"embeddable":true,"href":"https:\/\/archive.sana.sy\/es\/index.php?rest_route=%2Fwp%2Fv2%2Fcomments&post=214501"}],"version-history":[{"count":0,"href":"https:\/\/archive.sana.sy\/es\/index.php?rest_route=\/wp\/v2\/posts\/214501\/revisions"}],"wp:featuredmedia":[{"embeddable":true,"href":"https:\/\/archive.sana.sy\/es\/index.php?rest_route=\/wp\/v2\/media\/214502"}],"wp:attachment":[{"href":"https:\/\/archive.sana.sy\/es\/index.php?rest_route=%2Fwp%2Fv2%2Fmedia&parent=214501"}],"wp:term":[{"taxonomy":"category","embeddable":true,"href":"https:\/\/archive.sana.sy\/es\/index.php?rest_route=%2Fwp%2Fv2%2Fcategories&post=214501"},{"taxonomy":"post_tag","embeddable":true,"href":"https:\/\/archive.sana.sy\/es\/index.php?rest_route=%2Fwp%2Fv2%2Ftags&post=214501"}],"curies":[{"name":"wp","href":"https:\/\/api.w.org\/{rel}","templated":true}]}}