{"id":214512,"date":"2022-01-15T11:41:45","date_gmt":"2022-01-15T09:41:45","guid":{"rendered":"http:\/\/107.6.182.27\/es\/?p=214512"},"modified":"2022-01-15T13:53:07","modified_gmt":"2022-01-15T11:53:07","slug":"armas-en-cuba-y-venezuela-un-telon-para-distraer-del-avance-de-la-otan-a-rusia","status":"publish","type":"post","link":"https:\/\/archive.sana.sy\/es\/?p=214512","title":{"rendered":"Armas en Cuba y Venezuela, un tel\u00f3n para distraer del avance de la OTAN a Rusia"},"content":{"rendered":"<p style=\"text-align: justify;\"><strong><span style=\"color: #800000;\">Damasco, 15 ene (SANA)<\/span><\/strong>\u00a0 La manipulaci\u00f3n medi\u00e1tica de un probable y no confirmado despliegue de fuerzas militares rusas en Cuba y Venezuela solo busca distraer la atenci\u00f3n ante la peligrosa presencia de EEUU y la OTAN en las cercan\u00edas de las fronteras rusas, asegur\u00f3 a Sputnik el analista pol\u00edtico cubano Roberto Garc\u00eda Hern\u00e1ndez, experto en asuntos militares.<\/p>\n<p style=\"text-align: justify;\">&#8220;La manipulaci\u00f3n pol\u00edtica e informativa de las declaraciones del vicecanciller ruso Sergu\u00e9i Riabkov es una maniobra que, entre otros objetivos, intenta desviar la atenci\u00f3n del tema principal, que es el incremento inusitado, ilegal y agresivo de la presencia de las fuerzas de todo tipo de la OTAN en las cercan\u00edas de las fronteras rusas&#8221;, subray\u00f3 Garc\u00eda Hern\u00e1ndez, periodista y exdiplom\u00e1tico de la isla.<\/p>\n<p style=\"text-align: justify;\">Ante una pregunta de una periodista del canal televisivo ruso RTVi el pasado 13 de enero, acerca de una probable presencia militar de Rusia en Cuba y Venezuela, Riabkov respondi\u00f3 que no pod\u00eda &#8220;ni confirmar ni negar&#8221; los hipot\u00e9ticos despliegues hacia estas naciones latinoamericanas.<\/p>\n<p style=\"text-align: justify;\">&#8220;Los expertos m\u00e1s avezados en el tema interpretaron como una posibilidad hipot\u00e9tica, por decirlo de alguna manera, y no como una propuesta, como han asegurado algunos medios de prensa, y como han hecho ver algunos voceros de la administraci\u00f3n del presidente de EEUU, Joe Biden&#8221;, coment\u00f3 el analista cubano.<\/p>\n<p style=\"text-align: justify;\">Seg\u00fan el experto, esos voceros estadounidenses &#8220;han hecho gala de cierto nivel de ignorancia sobre la forma en que hoy en d\u00eda funciona este tipo de mecanismo para establecer acuerdos de ese tipo, en los cuales resulta vital la aprobaci\u00f3n de todas las partes involucradas, y no solo de una de esas partes&#8221;.<br \/>\nDerecho de Rusia a defenderse<\/p>\n<p style=\"text-align: justify;\">&#8220;En todo este conflicto entre Rusia y EEUU, en el cual la OTAN es pr\u00e1cticamente un ente subordinado a Washington, hay una verdad fundamental, y es el hecho de que Rusia tiene todo el derecho a defenderse y buscar todas las v\u00edas posibles, en correspondencia con el derecho internacional y sus propias leyes, para evitar que la Alianza Atl\u00e1ntica ponga sus medios de fuego, en particular, sus cohetes y aviones estrat\u00e9gicos, a escasos minutos de Mosc\u00fa&#8221;, precis\u00f3 Garc\u00eda Hern\u00e1ndez.<\/p>\n<p style=\"text-align: justify;\">Insisti\u00f3 en que los ejercicios y despliegues militares de Washington y la OTAN cerca del territorio ruso, &#8220;son extremadamente desestabilizadores&#8221;, como se\u00f1ala la Canciller\u00eda de Mosc\u00fa, y, por ejemplo, los bombarderos con capacidades para portar armas nucleares estrat\u00e9gicas han volado hasta apenas 15 kil\u00f3metros de la frontera rusa, una situaci\u00f3n que pone en tensi\u00f3n a quienes tienen que tomar decisiones para garantizar la defensa del pa\u00eds y sus intereses.<\/p>\n<p style=\"text-align: justify;\">El analista cubano a\u00f1adi\u00f3 que los expertos rusos vaticinan en los pr\u00f3ximos dos o tres meses un incremento de las actividades de las fuerzas de reacci\u00f3n r\u00e1pida y las fuerzas de operaciones especiales de la OTAN cerca de las fronteras rusas.<\/p>\n<p style=\"text-align: justify;\">&#8220;Es en este contexto \u2014dijo\u2014 que se produce un alto nivel de manipulaci\u00f3n por parte de algunos medios de prensa occidentales, que tomaron &#8216;por los pelos&#8217; una declaraci\u00f3n del viceministro de Exteriores ruso Sergu\u00e9i Riabkov el 13 de enero, sobre eventuales contramedidas de su pa\u00eds en caso de que contin\u00fae el avance de la OTAN hacia sus fronteras&#8221;.<\/p>\n<p style=\"text-align: justify;\"><span style=\"color: #0000ff;\"><strong>Realidad en Latinoam\u00e9rica<\/strong><\/span><\/p>\n<p style=\"text-align: justify;\">El entrevistado destac\u00f3 que &#8220;ninguno de los dos pa\u00edses (Cuba y Venezuela), a los que se refiri\u00f3 la periodista de RTVi en su pregunta a Riabkov, se ha manifestado al respecto, ni tampoco creo que est\u00e9n obligados a hacerlo, pues fue una conversaci\u00f3n, una entrevista en la cual el tema se abord\u00f3 de manera tangencial&#8221;.<\/p>\n<p style=\"text-align: justify;\">&#8220;Creo que no fue el anuncio de una decisi\u00f3n concreta, que en cualquier caso conllevar\u00eda un complejo proceso de consultas entre todas las partes involucradas, por el impacto que tales medidas pudieran tener para sus propios intereses de seguridad&#8221;, enfatiz\u00f3 Garc\u00eda Hern\u00e1ndez.<\/p>\n<p style=\"text-align: justify;\">Durante la entrevista a Riabkov, el funcionario respondi\u00f3 la pregunta de la reportera y apenas dijo que &#8220;ni confirmaba ni negaba&#8221; si en cualquier circunstancia Rusia analizar\u00eda la posibilidad de desplegar fuerzas y medios en otras naciones como contramedida sim\u00e9trica a las actividades de la OTAN en \u00e1reas cercanas a sus fronteras.<\/p>\n<p style=\"text-align: justify;\">Para el analista de la isla, en el plano hipot\u00e9tico, &#8220;Rusia tendr\u00eda derecho a establecer alg\u00fan tipo de acuerdo para el despliegue de infraestructuras militares en cualquier pa\u00eds, que en uso de sus facultades soberanas decida hacerlo, pero en el momento actual no hay ninguna evidencia p\u00fablica de que est\u00e9 en marcha un proceso de ese tipo&#8221;.<\/p>\n<p style=\"text-align: justify;\"><strong><span style=\"color: #0000ff;\">Manipulaci\u00f3n medi\u00e1tica<\/span><\/strong><\/p>\n<p style=\"text-align: justify;\">El experto cubano insisti\u00f3 adem\u00e1s en que es interesante &#8220;c\u00f3mo, tanto en Europa como en Am\u00e9rica, se difundi\u00f3 la misma matriz de opini\u00f3n sobre el tema, y los medios occidentales presentaron como una decisi\u00f3n o como una propuesta concreta la medida de enviar infraestructura militar a los dos pa\u00edses latinoamericanos&#8221;.<\/p>\n<p style=\"text-align: justify;\">&#8220;Eso desat\u00f3 \u2014enfatiz\u00f3\u2014 una cadena de opiniones contrarias a tal posibilidad, por parte de elementos que habitualmente aprovechan cualquier resquicio para expresar su odio hacia Cuba y Venezuela, y presentar la hipot\u00e9tica e inexistente &#8216;decisi\u00f3n&#8217; de Rusia como una supuesta violaci\u00f3n de la soberan\u00eda de las dos naciones latinoamericanas&#8221;.<\/p>\n<p style=\"text-align: justify;\"><span style=\"color: #0000ff;\"><strong>Por Miguel Fern\u00e1ndez Mart\u00ednez<\/strong><\/span><\/p>\n<p><strong><span style=\"color: #0000ff;\">Fuente Sputnik<\/span><\/strong><\/p>\n","protected":false},"excerpt":{"rendered":"<p>Damasco, 15 ene (SANA)\u00a0 La manipulaci\u00f3n medi\u00e1tica de un probable y no confirmado despliegue de fuerzas militares rusas en Cuba y Venezuela solo busca distraer la atenci\u00f3n ante la peligrosa presencia de EEUU y la OTAN en las cercan\u00edas de las fronteras rusas, asegur\u00f3 a Sputnik el analista pol\u00edtico cubano Roberto Garc\u00eda Hern\u00e1ndez, experto en &hellip;<\/p>\n","protected":false},"author":35,"featured_media":214513,"comment_status":"closed","ping_status":"closed","sticky":false,"template":"","format":"standard","meta":{"footnotes":""},"categories":[16929,597,7541],"tags":[],"class_list":["post-214512","post","type-post","status-publish","format-standard","has-post-thumbnail","","category-articulos-de-opinion","category-cinta-de-noticias","category-ultimas-noticias"],"_links":{"self":[{"href":"https:\/\/archive.sana.sy\/es\/index.php?rest_route=\/wp\/v2\/posts\/214512"}],"collection":[{"href":"https:\/\/archive.sana.sy\/es\/index.php?rest_route=\/wp\/v2\/posts"}],"about":[{"href":"https:\/\/archive.sana.sy\/es\/index.php?rest_route=\/wp\/v2\/types\/post"}],"author":[{"embeddable":true,"href":"https:\/\/archive.sana.sy\/es\/index.php?rest_route=\/wp\/v2\/users\/35"}],"replies":[{"embeddable":true,"href":"https:\/\/archive.sana.sy\/es\/index.php?rest_route=%2Fwp%2Fv2%2Fcomments&post=214512"}],"version-history":[{"count":0,"href":"https:\/\/archive.sana.sy\/es\/index.php?rest_route=\/wp\/v2\/posts\/214512\/revisions"}],"wp:featuredmedia":[{"embeddable":true,"href":"https:\/\/archive.sana.sy\/es\/index.php?rest_route=\/wp\/v2\/media\/214513"}],"wp:attachment":[{"href":"https:\/\/archive.sana.sy\/es\/index.php?rest_route=%2Fwp%2Fv2%2Fmedia&parent=214512"}],"wp:term":[{"taxonomy":"category","embeddable":true,"href":"https:\/\/archive.sana.sy\/es\/index.php?rest_route=%2Fwp%2Fv2%2Fcategories&post=214512"},{"taxonomy":"post_tag","embeddable":true,"href":"https:\/\/archive.sana.sy\/es\/index.php?rest_route=%2Fwp%2Fv2%2Ftags&post=214512"}],"curies":[{"name":"wp","href":"https:\/\/api.w.org\/{rel}","templated":true}]}}