{"id":214531,"date":"2022-01-15T13:27:04","date_gmt":"2022-01-15T11:27:04","guid":{"rendered":"http:\/\/107.6.182.27\/es\/?p=214531"},"modified":"2023-01-09T14:04:25","modified_gmt":"2023-01-09T12:04:25","slug":"muere-un-nino-al-explotar-una-mina-en-deir-ezzor","status":"publish","type":"post","link":"https:\/\/archive.sana.sy\/es\/?p=214531","title":{"rendered":"Muere un ni\u00f1o al explotar una mina en Deir Ezzor"},"content":{"rendered":"<p style=\"text-align: justify;\"><span style=\"color: #800000;\"><strong>Deir Ezzor , 15 ene (SANA)<\/strong>\u00a0<\/span> \u00a0Un ni\u00f1o perdi\u00f3 la vida y otros dos resultaron heridos en la explosi\u00f3n de una mina remanente de los extremistas del grupo terrorista Estado Isl\u00e1mico (Daesh en \u00e1rabe) en la regi\u00f3n de Tabb Harabesh, el este de la provincia de Deir Ezzor, seg\u00fan inform\u00f3 el corresponsal de SANA.<\/p>\n<p style=\"text-align: justify;\">El Director del Hospital provincial, Mamoun Heza, declar\u00f3 que su instituci\u00f3n recibi\u00f3 a tres ni\u00f1os, uno de ellos de 15 a\u00f1os que lleg\u00f3 al hospital muerto, mientras los otros menores sufrieron lesiones, uno de ellos en estado cr\u00edtico.<\/p>\n<p style=\"text-align: justify;\">Antes de su derrota, las organizaciones hostiles plantaron minas y artefactos explosivos en las \u00e1reas donde estaban desplegadas para causar el mayor da\u00f1o posible a las personas que regresen a sus \u00e1reas liberadas.<\/p>\n<p style=\"text-align: justify;\"><em>ws\/fm<\/em><\/p>\n","protected":false},"excerpt":{"rendered":"<p>Deir Ezzor , 15 ene (SANA)\u00a0 \u00a0Un ni\u00f1o perdi\u00f3 la vida y otros dos resultaron heridos en la explosi\u00f3n de una mina remanente de los extremistas del grupo terrorista Estado Isl\u00e1mico (Daesh en \u00e1rabe) en la regi\u00f3n de Tabb Harabesh, el este de la provincia de Deir Ezzor, seg\u00fan inform\u00f3 el corresponsal de SANA. El &hellip;<\/p>\n","protected":false},"author":35,"featured_media":214532,"comment_status":"closed","ping_status":"closed","sticky":false,"template":"","format":"standard","meta":{"footnotes":""},"categories":[447,477,597,476,583],"tags":[],"class_list":["post-214531","post","type-post","status-publish","format-standard","has-post-thumbnail","","category-local-politica","category-noticias-edulcorantes","category-cinta-de-noticias","category-locales","category-slide"],"_links":{"self":[{"href":"https:\/\/archive.sana.sy\/es\/index.php?rest_route=\/wp\/v2\/posts\/214531"}],"collection":[{"href":"https:\/\/archive.sana.sy\/es\/index.php?rest_route=\/wp\/v2\/posts"}],"about":[{"href":"https:\/\/archive.sana.sy\/es\/index.php?rest_route=\/wp\/v2\/types\/post"}],"author":[{"embeddable":true,"href":"https:\/\/archive.sana.sy\/es\/index.php?rest_route=\/wp\/v2\/users\/35"}],"replies":[{"embeddable":true,"href":"https:\/\/archive.sana.sy\/es\/index.php?rest_route=%2Fwp%2Fv2%2Fcomments&post=214531"}],"version-history":[{"count":0,"href":"https:\/\/archive.sana.sy\/es\/index.php?rest_route=\/wp\/v2\/posts\/214531\/revisions"}],"wp:featuredmedia":[{"embeddable":true,"href":"https:\/\/archive.sana.sy\/es\/index.php?rest_route=\/wp\/v2\/media\/214532"}],"wp:attachment":[{"href":"https:\/\/archive.sana.sy\/es\/index.php?rest_route=%2Fwp%2Fv2%2Fmedia&parent=214531"}],"wp:term":[{"taxonomy":"category","embeddable":true,"href":"https:\/\/archive.sana.sy\/es\/index.php?rest_route=%2Fwp%2Fv2%2Fcategories&post=214531"},{"taxonomy":"post_tag","embeddable":true,"href":"https:\/\/archive.sana.sy\/es\/index.php?rest_route=%2Fwp%2Fv2%2Ftags&post=214531"}],"curies":[{"name":"wp","href":"https:\/\/api.w.org\/{rel}","templated":true}]}}