{"id":214538,"date":"2022-01-15T13:41:42","date_gmt":"2022-01-15T11:41:42","guid":{"rendered":"http:\/\/107.6.182.27\/es\/?p=214538"},"modified":"2023-01-10T16:39:08","modified_gmt":"2023-01-10T14:39:08","slug":"siria-e-iran-acuerdan-crear-banco-y-zonas-francas-conjuntas","status":"publish","type":"post","link":"https:\/\/archive.sana.sy\/es\/?p=214538","title":{"rendered":"Siria e Ir\u00e1n acuerdan crear banco y zonas francas conjuntas"},"content":{"rendered":"<p style=\"text-align: justify;\"><strong><span style=\"color: #800000;\">Teher\u00e1n, 15 ene (SANA )<\/span><\/strong>\u00a0 El ministro iran\u00ed de Carreteras y Construcci\u00f3n de Ciudades, Rostam Qasemi, dijo que existe un acuerdo entre su pa\u00eds y Siria para lanzar un banco conjunto.<\/p>\n<p style=\"text-align: justify;\">Qassemi, quien presidente la parte iran\u00ed en la Comisi\u00f3n Econ\u00f3mica Conjunta Ir\u00e1n-Siria, declar\u00f3 despu\u00e9s de la conclusi\u00f3n de su visita de trabajo a Siria, que se hab\u00eda alcanzado un buen consenso para trabajar en el establecimiento de un banco conjunto y de zonas francas conjuntas.<\/p>\n<p style=\"text-align: justify;\">Se\u00f1al\u00f3 que se discutieron temas sobre el aumento de la fabricaci\u00f3n de productos iran\u00edes en Siria, como tractores y equipos agr\u00edcolas, as\u00ed como la abolici\u00f3n de los aranceles aduaneros y la promoci\u00f3n de las exportaciones intrarregionales.<\/p>\n<p style=\"text-align: justify;\"><em>fm\/ws<\/em><\/p>\n","protected":false},"excerpt":{"rendered":"<p>Teher\u00e1n, 15 ene (SANA )\u00a0 El ministro iran\u00ed de Carreteras y Construcci\u00f3n de Ciudades, Rostam Qasemi, dijo que existe un acuerdo entre su pa\u00eds y Siria para lanzar un banco conjunto. Qassemi, quien presidente la parte iran\u00ed en la Comisi\u00f3n Econ\u00f3mica Conjunta Ir\u00e1n-Siria, declar\u00f3 despu\u00e9s de la conclusi\u00f3n de su visita de trabajo a Siria, &hellip;<\/p>\n","protected":false},"author":35,"featured_media":214539,"comment_status":"closed","ping_status":"closed","sticky":false,"template":"","format":"standard","meta":{"footnotes":""},"categories":[447,477,597,456,457,467,583],"tags":[],"class_list":["post-214538","post","type-post","status-publish","format-standard","has-post-thumbnail","","category-local-politica","category-noticias-edulcorantes","category-cinta-de-noticias","category-arabe-internacional-politica","category-noticias-arabe-internacional-politica","category-siria-y-el-mundo","category-slide"],"_links":{"self":[{"href":"https:\/\/archive.sana.sy\/es\/index.php?rest_route=\/wp\/v2\/posts\/214538"}],"collection":[{"href":"https:\/\/archive.sana.sy\/es\/index.php?rest_route=\/wp\/v2\/posts"}],"about":[{"href":"https:\/\/archive.sana.sy\/es\/index.php?rest_route=\/wp\/v2\/types\/post"}],"author":[{"embeddable":true,"href":"https:\/\/archive.sana.sy\/es\/index.php?rest_route=\/wp\/v2\/users\/35"}],"replies":[{"embeddable":true,"href":"https:\/\/archive.sana.sy\/es\/index.php?rest_route=%2Fwp%2Fv2%2Fcomments&post=214538"}],"version-history":[{"count":0,"href":"https:\/\/archive.sana.sy\/es\/index.php?rest_route=\/wp\/v2\/posts\/214538\/revisions"}],"wp:featuredmedia":[{"embeddable":true,"href":"https:\/\/archive.sana.sy\/es\/index.php?rest_route=\/wp\/v2\/media\/214539"}],"wp:attachment":[{"href":"https:\/\/archive.sana.sy\/es\/index.php?rest_route=%2Fwp%2Fv2%2Fmedia&parent=214538"}],"wp:term":[{"taxonomy":"category","embeddable":true,"href":"https:\/\/archive.sana.sy\/es\/index.php?rest_route=%2Fwp%2Fv2%2Fcategories&post=214538"},{"taxonomy":"post_tag","embeddable":true,"href":"https:\/\/archive.sana.sy\/es\/index.php?rest_route=%2Fwp%2Fv2%2Ftags&post=214538"}],"curies":[{"name":"wp","href":"https:\/\/api.w.org\/{rel}","templated":true}]}}