{"id":214543,"date":"2022-01-15T14:52:34","date_gmt":"2022-01-15T12:52:34","guid":{"rendered":"http:\/\/107.6.182.27\/es\/?p=214543"},"modified":"2023-01-10T16:39:08","modified_gmt":"2023-01-10T14:39:08","slug":"ocupacion-israeli-se-apodera-de-mas-tierras-palestinas","status":"publish","type":"post","link":"https:\/\/archive.sana.sy\/es\/?p=214543","title":{"rendered":"Ocupaci\u00f3n israel\u00ed se apodera de m\u00e1s tierras palestinas"},"content":{"rendered":"<p style=\"text-align: justify;\"><span style=\"color: #800000;\"><strong>Jerusal\u00e9n ocupada, 15 ene (SANA) <\/strong><\/span>A pesar de las resoluciones de la ONU que confirman la ilegalidad de la colonizaci\u00f3n israel\u00ed en los territorios palestinos, la comunidad internacional contin\u00faa con su fat\u00eddica inacci\u00f3n.<\/p>\n<p style=\"text-align: justify;\">La Oficina Nacional para la Defensa de la Tierra y la Resistencia a los Asentamientos de la OLP afirm\u00f3 en su informe semanal que los ataques de los colonos \u2013escoltados por las fuerzas de ocupaci\u00f3n- contra los palestinos se han intensificado recientemente, en especial al sur de Naplusa, donde arrasaron cinco hect\u00e1reas en las cercan\u00edas de la aldea de Burin para expandir un asentamiento all\u00ed.<\/p>\n<p style=\"text-align: justify;\">El informe se\u00f1al\u00f3 que los colonos llevaron a cabo excavaciones y vandalismo en la entrada de la Mezquita Ibrahimi en la ciudad de Hebr\u00f3n, as\u00ed como asaltaron las ciudades de Susiya y Birin, al sur de la ciudad, y el barrio de Sheikh Jarrah en Jerusal\u00e9n ocupada, donde cometieron salvajadas contra los palestinos.<\/p>\n<p style=\"text-align: justify;\">Indic\u00f3 que los intentos de desplazar a los palestinos no se limitan a los ataques de los colonos, ya que las fuerzas de ocupaci\u00f3n contin\u00faan demoliendo sus hogares e instalaciones en varias localidades palestinas.<\/p>\n<p style=\"text-align: justify;\">Asimismo, las tropas del ocupante sionista arrasaron cuarto hect\u00e1reas de tierras agr\u00edcolas palestinas en la aldea de al-Walaja en Bel\u00e9n y en Jabal Sbeih en el municipio de Beita en Naplusa, donde arrancaron docenas de almendros y olivos reci\u00e9n plantados.<\/p>\n<p style=\"text-align: justify;\"><strong><em>sm\/rsh<\/em><\/strong><\/p>\n","protected":false},"excerpt":{"rendered":"<p>Jerusal\u00e9n ocupada, 15 ene (SANA) A pesar de las resoluciones de la ONU que confirman la ilegalidad de la colonizaci\u00f3n israel\u00ed en los territorios palestinos, la comunidad internacional contin\u00faa con su fat\u00eddica inacci\u00f3n. La Oficina Nacional para la Defensa de la Tierra y la Resistencia a los Asentamientos de la OLP afirm\u00f3 en su informe &hellip;<\/p>\n","protected":false},"author":39,"featured_media":214544,"comment_status":"closed","ping_status":"closed","sticky":false,"template":"","format":"standard","meta":{"footnotes":""},"categories":[447,597,456,457,7541],"tags":[20522,10660,19720,19613,20648],"class_list":["post-214543","post","type-post","status-publish","format-standard","has-post-thumbnail","","category-local-politica","category-cinta-de-noticias","category-arabe-internacional-politica","category-noticias-arabe-internacional-politica","category-ultimas-noticias","tag-colonizacion","tag-jerusalen-ocupada","tag-naplusa","tag-ocupacion-israeli","tag-tierras-palestinas"],"_links":{"self":[{"href":"https:\/\/archive.sana.sy\/es\/index.php?rest_route=\/wp\/v2\/posts\/214543"}],"collection":[{"href":"https:\/\/archive.sana.sy\/es\/index.php?rest_route=\/wp\/v2\/posts"}],"about":[{"href":"https:\/\/archive.sana.sy\/es\/index.php?rest_route=\/wp\/v2\/types\/post"}],"author":[{"embeddable":true,"href":"https:\/\/archive.sana.sy\/es\/index.php?rest_route=\/wp\/v2\/users\/39"}],"replies":[{"embeddable":true,"href":"https:\/\/archive.sana.sy\/es\/index.php?rest_route=%2Fwp%2Fv2%2Fcomments&post=214543"}],"version-history":[{"count":0,"href":"https:\/\/archive.sana.sy\/es\/index.php?rest_route=\/wp\/v2\/posts\/214543\/revisions"}],"wp:featuredmedia":[{"embeddable":true,"href":"https:\/\/archive.sana.sy\/es\/index.php?rest_route=\/wp\/v2\/media\/214544"}],"wp:attachment":[{"href":"https:\/\/archive.sana.sy\/es\/index.php?rest_route=%2Fwp%2Fv2%2Fmedia&parent=214543"}],"wp:term":[{"taxonomy":"category","embeddable":true,"href":"https:\/\/archive.sana.sy\/es\/index.php?rest_route=%2Fwp%2Fv2%2Fcategories&post=214543"},{"taxonomy":"post_tag","embeddable":true,"href":"https:\/\/archive.sana.sy\/es\/index.php?rest_route=%2Fwp%2Fv2%2Ftags&post=214543"}],"curies":[{"name":"wp","href":"https:\/\/api.w.org\/{rel}","templated":true}]}}