{"id":214546,"date":"2022-01-15T14:37:28","date_gmt":"2022-01-15T12:37:28","guid":{"rendered":"http:\/\/107.6.182.27\/es\/?p=214546"},"modified":"2023-01-10T15:23:26","modified_gmt":"2023-01-10T13:23:26","slug":"venden-plantulas-a-precios-reducidos-a-agricultores-en-provincia-de-sweida","status":"publish","type":"post","link":"https:\/\/archive.sana.sy\/es\/?p=214546","title":{"rendered":"Venden pl\u00e1ntulas a precios reducidos a agricultores en provincia de Sweida"},"content":{"rendered":"<p style=\"text-align: justify;\"><span style=\"color: #800000;\"><strong>Sweida, 15 ene (SANA)\u00a0<\/strong><\/span> La Direcci\u00f3n de Agricultura de la provincia sure\u00f1a de Sweida vendi\u00f3, a precios m\u00f3dicos, unas 25.000 plantas de olivo a los agricultores.<\/p>\n<p style=\"text-align: justify;\">&#8220;Adem\u00e1s y desde el inicio de la actual temporada, se vendieron unas 8.000 pl\u00e1ntulas de pistacho&#8221;, inform\u00f3 el jefe de la Secci\u00f3n de Producci\u00f3n Vegetal, Akram Saray El-Din.<\/p>\n<p style=\"text-align: justify;\">Indic\u00f3 que la Direcci\u00f3n se est\u00e1 preparando para vender, a precios bajos, pl\u00e1ntulas de almendros a los agricultores durante el pr\u00f3ximo per\u00edodo.<\/p>\n<p style=\"text-align: justify;\">La superficie total plantada de olivos en la provincia de Sweida es de 9.945 hect\u00e1reas, que incluyen 1.673.000 \u00e1rboles, de los cuales 1.412.000 son fruct\u00edferos.<\/p>\n<p style=\"text-align: justify;\"><em><strong>sm\/rsh<\/strong><\/em><\/p>\n","protected":false},"excerpt":{"rendered":"<p>Sweida, 15 ene (SANA)\u00a0 La Direcci\u00f3n de Agricultura de la provincia sure\u00f1a de Sweida vendi\u00f3, a precios m\u00f3dicos, unas 25.000 plantas de olivo a los agricultores. &#8220;Adem\u00e1s y desde el inicio de la actual temporada, se vendieron unas 8.000 pl\u00e1ntulas de pistacho&#8221;, inform\u00f3 el jefe de la Secci\u00f3n de Producci\u00f3n Vegetal, Akram Saray El-Din. Indic\u00f3 &hellip;<\/p>\n","protected":false},"author":39,"featured_media":214547,"comment_status":"closed","ping_status":"closed","sticky":false,"template":"","format":"standard","meta":{"footnotes":""},"categories":[447,477,597,485,573,476,457,7541],"tags":[20647,8723],"class_list":["post-214546","post","type-post","status-publish","format-standard","has-post-thumbnail","","category-local-politica","category-noticias-edulcorantes","category-cinta-de-noticias","category-informes-negocios-y-finanzas","category-la-realidad-de-los-acontecimientos-en-siria","category-locales","category-noticias-arabe-internacional-politica","category-ultimas-noticias","tag-plantulas","tag-sweida"],"_links":{"self":[{"href":"https:\/\/archive.sana.sy\/es\/index.php?rest_route=\/wp\/v2\/posts\/214546"}],"collection":[{"href":"https:\/\/archive.sana.sy\/es\/index.php?rest_route=\/wp\/v2\/posts"}],"about":[{"href":"https:\/\/archive.sana.sy\/es\/index.php?rest_route=\/wp\/v2\/types\/post"}],"author":[{"embeddable":true,"href":"https:\/\/archive.sana.sy\/es\/index.php?rest_route=\/wp\/v2\/users\/39"}],"replies":[{"embeddable":true,"href":"https:\/\/archive.sana.sy\/es\/index.php?rest_route=%2Fwp%2Fv2%2Fcomments&post=214546"}],"version-history":[{"count":0,"href":"https:\/\/archive.sana.sy\/es\/index.php?rest_route=\/wp\/v2\/posts\/214546\/revisions"}],"wp:featuredmedia":[{"embeddable":true,"href":"https:\/\/archive.sana.sy\/es\/index.php?rest_route=\/wp\/v2\/media\/214547"}],"wp:attachment":[{"href":"https:\/\/archive.sana.sy\/es\/index.php?rest_route=%2Fwp%2Fv2%2Fmedia&parent=214546"}],"wp:term":[{"taxonomy":"category","embeddable":true,"href":"https:\/\/archive.sana.sy\/es\/index.php?rest_route=%2Fwp%2Fv2%2Fcategories&post=214546"},{"taxonomy":"post_tag","embeddable":true,"href":"https:\/\/archive.sana.sy\/es\/index.php?rest_route=%2Fwp%2Fv2%2Ftags&post=214546"}],"curies":[{"name":"wp","href":"https:\/\/api.w.org\/{rel}","templated":true}]}}