{"id":214549,"date":"2022-01-15T16:02:10","date_gmt":"2022-01-15T14:02:10","guid":{"rendered":"http:\/\/107.6.182.27\/es\/?p=214549"},"modified":"2023-01-10T16:39:08","modified_gmt":"2023-01-10T14:39:08","slug":"fuerzas-aereas-del-agresor-saudi-lanzan-incursiones-en-ciudades-yemenies","status":"publish","type":"post","link":"https:\/\/archive.sana.sy\/es\/?p=214549","title":{"rendered":"Fuerzas a\u00e9reas del agresor saud\u00ed lanzan incursiones en ciudades yemen\u00edes"},"content":{"rendered":"<p style=\"text-align: justify;\"><span style=\"color: #800000;\"><strong>San\u00e1, 15 ene (SANA)\u00a0<\/strong><\/span> Las fuerzas a\u00e9reas del agresor saud\u00ed realizaron varias incursiones en las gobernaciones yemen\u00edes de Marib y Saada.<\/p>\n<p style=\"text-align: justify;\">Seg\u00fan el portal informativo Al-Masirah Net, el agresor lanz\u00f3 varias redadas contra un taller de reparaci\u00f3n de autom\u00f3viles en el distrito de Harib, lo cual provoc\u00f3 la destrucci\u00f3n del complejo.<\/p>\n<p style=\"text-align: justify;\">Asimismo, los aviones de guerra tambi\u00e9n lanzaron una incursi\u00f3n en la localidad de Wadi Layah en el distrito fronterizo de Al-Zahir, jurisdicci\u00f3n de Saada, causando graves p\u00e9rdidas materiales.<\/p>\n<p style=\"text-align: justify;\">En la v\u00edspera, el agresor saud\u00ed perpetr\u00f3 26 incursiones en varios distritos de Marib, incluidas 16 en los departamentos de Al-Wadi y Al-Juba, seis en Harib, cuatro en Raghwan y una en Serwah.<\/p>\n<p style=\"text-align: justify;\"><em><strong>sm\/rsh<\/strong><\/em><\/p>\n","protected":false},"excerpt":{"rendered":"<p>San\u00e1, 15 ene (SANA)\u00a0 Las fuerzas a\u00e9reas del agresor saud\u00ed realizaron varias incursiones en las gobernaciones yemen\u00edes de Marib y Saada. Seg\u00fan el portal informativo Al-Masirah Net, el agresor lanz\u00f3 varias redadas contra un taller de reparaci\u00f3n de autom\u00f3viles en el distrito de Harib, lo cual provoc\u00f3 la destrucci\u00f3n del complejo. Asimismo, los aviones de &hellip;<\/p>\n","protected":false},"author":39,"featured_media":214550,"comment_status":"closed","ping_status":"closed","sticky":false,"template":"","format":"standard","meta":{"footnotes":""},"categories":[447,597,456,457],"tags":[],"class_list":["post-214549","post","type-post","status-publish","format-standard","has-post-thumbnail","","category-local-politica","category-cinta-de-noticias","category-arabe-internacional-politica","category-noticias-arabe-internacional-politica"],"_links":{"self":[{"href":"https:\/\/archive.sana.sy\/es\/index.php?rest_route=\/wp\/v2\/posts\/214549"}],"collection":[{"href":"https:\/\/archive.sana.sy\/es\/index.php?rest_route=\/wp\/v2\/posts"}],"about":[{"href":"https:\/\/archive.sana.sy\/es\/index.php?rest_route=\/wp\/v2\/types\/post"}],"author":[{"embeddable":true,"href":"https:\/\/archive.sana.sy\/es\/index.php?rest_route=\/wp\/v2\/users\/39"}],"replies":[{"embeddable":true,"href":"https:\/\/archive.sana.sy\/es\/index.php?rest_route=%2Fwp%2Fv2%2Fcomments&post=214549"}],"version-history":[{"count":0,"href":"https:\/\/archive.sana.sy\/es\/index.php?rest_route=\/wp\/v2\/posts\/214549\/revisions"}],"wp:featuredmedia":[{"embeddable":true,"href":"https:\/\/archive.sana.sy\/es\/index.php?rest_route=\/wp\/v2\/media\/214550"}],"wp:attachment":[{"href":"https:\/\/archive.sana.sy\/es\/index.php?rest_route=%2Fwp%2Fv2%2Fmedia&parent=214549"}],"wp:term":[{"taxonomy":"category","embeddable":true,"href":"https:\/\/archive.sana.sy\/es\/index.php?rest_route=%2Fwp%2Fv2%2Fcategories&post=214549"},{"taxonomy":"post_tag","embeddable":true,"href":"https:\/\/archive.sana.sy\/es\/index.php?rest_route=%2Fwp%2Fv2%2Ftags&post=214549"}],"curies":[{"name":"wp","href":"https:\/\/api.w.org\/{rel}","templated":true}]}}