{"id":214564,"date":"2022-01-15T17:39:23","date_gmt":"2022-01-15T15:39:23","guid":{"rendered":"http:\/\/107.6.182.27\/es\/?p=214564"},"modified":"2023-01-10T14:21:20","modified_gmt":"2023-01-10T12:21:20","slug":"milicia-proestadounidense-intenta-obstruir-proceso-de-reconciliacion-lanzado-en-raqa","status":"publish","type":"post","link":"https:\/\/archive.sana.sy\/es\/?p=214564","title":{"rendered":"Milicia proestadounidense intenta obstruir proceso de reconciliaci\u00f3n lanzado en Raqa"},"content":{"rendered":"<p style=\"text-align: justify;\"><span style=\"color: #800000;\"><strong>Raqa, 15 ene (SANA)<\/strong>\u00a0<\/span> El gobernador de la provincia de Raqa, Abdul Razzaq Khalifa, confirm\u00f3 que el Estado sirio facilita todos los procedimientos y medidas para aquellas personas que deseen sumarse a la reconciliaci\u00f3n en la ciudad de Al-Sabkha, en las zonas rurales liberadas de la provincia.<\/p>\n<p style=\"text-align: justify;\">Denunci\u00f3 que la milicia FDS, marioneta del ocupante estadounidense, impide la realizaci\u00f3n de dicho proceso.<\/p>\n<p style=\"text-align: justify;\"><img loading=\"lazy\" decoding=\"async\" class=\"wp-image-214566 size-medium alignright\" src=\"http:\/\/107.6.182.27\/es\/wp-content\/uploads\/2022\/01\/photo_2022-01-15_14-45-58-300x205.jpg\" alt=\"\" width=\"300\" height=\"205\" srcset=\"https:\/\/archive.sana.sy\/es\/wp-content\/uploads\/2022\/01\/photo_2022-01-15_14-45-58-300x205.jpg 300w, https:\/\/archive.sana.sy\/es\/wp-content\/uploads\/2022\/01\/photo_2022-01-15_14-45-58-1024x699.jpg 1024w, https:\/\/archive.sana.sy\/es\/wp-content\/uploads\/2022\/01\/photo_2022-01-15_14-45-58-150x102.jpg 150w, https:\/\/archive.sana.sy\/es\/wp-content\/uploads\/2022\/01\/photo_2022-01-15_14-45-58-768x525.jpg 768w, https:\/\/archive.sana.sy\/es\/wp-content\/uploads\/2022\/01\/photo_2022-01-15_14-45-58-1536x1049.jpg 1536w, https:\/\/archive.sana.sy\/es\/wp-content\/uploads\/2022\/01\/photo_2022-01-15_14-45-58-2048x1399.jpg 2048w, https:\/\/archive.sana.sy\/es\/wp-content\/uploads\/2022\/01\/photo_2022-01-15_14-45-58-110x75.jpg 110w\" sizes=\"(max-width: 300px) 100vw, 300px\" \/><\/p>\n<p style=\"text-align: justify;\">Durante el primer d\u00eda, la concurrencia fue abundante y acudieron cientos de personas, mientras que en el segundo d\u00eda el n\u00famero se disminuy\u00f3 significativamente debido a los obst\u00e1culos y restricciones impuestas por la milicia FDS.<\/p>\n<p style=\"text-align: justify;\">El proceso de reconciliaci\u00f3n comenz\u00f3 en la provincia de Raqa el d\u00eda 12 de este mes en el centro de la ciudad de Al-Sabkha.<\/p>\n<p style=\"text-align: justify;\"><em><strong>sm\/fm<\/strong><\/em><\/p>\n","protected":false},"excerpt":{"rendered":"<p>Raqa, 15 ene (SANA)\u00a0 El gobernador de la provincia de Raqa, Abdul Razzaq Khalifa, confirm\u00f3 que el Estado sirio facilita todos los procedimientos y medidas para aquellas personas que deseen sumarse a la reconciliaci\u00f3n en la ciudad de Al-Sabkha, en las zonas rurales liberadas de la provincia. Denunci\u00f3 que la milicia FDS, marioneta del ocupante &hellip;<\/p>\n","protected":false},"author":39,"featured_media":214565,"comment_status":"closed","ping_status":"closed","sticky":false,"template":"","format":"standard","meta":{"footnotes":""},"categories":[477,447,597,573,457,7541],"tags":[],"class_list":["post-214564","post","type-post","status-publish","format-standard","has-post-thumbnail","","category-noticias-edulcorantes","category-local-politica","category-cinta-de-noticias","category-la-realidad-de-los-acontecimientos-en-siria","category-noticias-arabe-internacional-politica","category-ultimas-noticias"],"_links":{"self":[{"href":"https:\/\/archive.sana.sy\/es\/index.php?rest_route=\/wp\/v2\/posts\/214564"}],"collection":[{"href":"https:\/\/archive.sana.sy\/es\/index.php?rest_route=\/wp\/v2\/posts"}],"about":[{"href":"https:\/\/archive.sana.sy\/es\/index.php?rest_route=\/wp\/v2\/types\/post"}],"author":[{"embeddable":true,"href":"https:\/\/archive.sana.sy\/es\/index.php?rest_route=\/wp\/v2\/users\/39"}],"replies":[{"embeddable":true,"href":"https:\/\/archive.sana.sy\/es\/index.php?rest_route=%2Fwp%2Fv2%2Fcomments&post=214564"}],"version-history":[{"count":0,"href":"https:\/\/archive.sana.sy\/es\/index.php?rest_route=\/wp\/v2\/posts\/214564\/revisions"}],"wp:featuredmedia":[{"embeddable":true,"href":"https:\/\/archive.sana.sy\/es\/index.php?rest_route=\/wp\/v2\/media\/214565"}],"wp:attachment":[{"href":"https:\/\/archive.sana.sy\/es\/index.php?rest_route=%2Fwp%2Fv2%2Fmedia&parent=214564"}],"wp:term":[{"taxonomy":"category","embeddable":true,"href":"https:\/\/archive.sana.sy\/es\/index.php?rest_route=%2Fwp%2Fv2%2Fcategories&post=214564"},{"taxonomy":"post_tag","embeddable":true,"href":"https:\/\/archive.sana.sy\/es\/index.php?rest_route=%2Fwp%2Fv2%2Ftags&post=214564"}],"curies":[{"name":"wp","href":"https:\/\/api.w.org\/{rel}","templated":true}]}}