{"id":214579,"date":"2022-01-15T18:56:01","date_gmt":"2022-01-15T16:56:01","guid":{"rendered":"http:\/\/107.6.182.27\/es\/?p=214579"},"modified":"2023-01-10T14:21:20","modified_gmt":"2023-01-10T12:21:20","slug":"italia-y-rusia-abordan-cooperacion-para-ayudar-humanitariamente-al-pueblo-sirio","status":"publish","type":"post","link":"https:\/\/archive.sana.sy\/es\/?p=214579","title":{"rendered":"Italia y Rusia abordan cooperaci\u00f3n para ayudar humanitariamente al pueblo sirio"},"content":{"rendered":"<p style=\"text-align: justify;\"><span style=\"color: #800000;\"><strong>Mosc\u00fa, 15 ene (SANA)\u00a0<\/strong> <\/span>El viceministro de Exteriores de Rusia, Sergei Vershinin, abord\u00f3 con el Coordinador Especial para Asuntos de Siria en el Ministerio de Exteriores de Italia, Stefano Ravanian, la situaci\u00f3n en Siria.<\/p>\n<p style=\"text-align: justify;\">El Ministerio de Exteriores de Rusia inform\u00f3 por medio de un comunicado que, durante la reuni\u00f3n se abordaron aspectos pr\u00e1cticos de la cooperaci\u00f3n ruso-italiana sobre Siria, el fortalecimiento del programa humanitario para ayudar al pueblo sirio y el impacto negativo de las medidas coercitivas unilaterales impuestas al pa\u00eds \u00e1rabe.<\/p>\n<p style=\"text-align: justify;\">Ambas partes destacaron la importancia de implementar las resoluciones de la ONU para lograr una soluci\u00f3n pol\u00edtica a la crisis en Siria.<\/p>\n<p style=\"text-align: justify;\"><em><strong>sm\/fm<\/strong><\/em><\/p>\n","protected":false},"excerpt":{"rendered":"<p>Mosc\u00fa, 15 ene (SANA)\u00a0 El viceministro de Exteriores de Rusia, Sergei Vershinin, abord\u00f3 con el Coordinador Especial para Asuntos de Siria en el Ministerio de Exteriores de Italia, Stefano Ravanian, la situaci\u00f3n en Siria. El Ministerio de Exteriores de Rusia inform\u00f3 por medio de un comunicado que, durante la reuni\u00f3n se abordaron aspectos pr\u00e1cticos de &hellip;<\/p>\n","protected":false},"author":39,"featured_media":214580,"comment_status":"closed","ping_status":"closed","sticky":false,"template":"","format":"standard","meta":{"footnotes":""},"categories":[447,597,457,467,7541],"tags":[],"class_list":["post-214579","post","type-post","status-publish","format-standard","has-post-thumbnail","","category-local-politica","category-cinta-de-noticias","category-noticias-arabe-internacional-politica","category-siria-y-el-mundo","category-ultimas-noticias"],"_links":{"self":[{"href":"https:\/\/archive.sana.sy\/es\/index.php?rest_route=\/wp\/v2\/posts\/214579"}],"collection":[{"href":"https:\/\/archive.sana.sy\/es\/index.php?rest_route=\/wp\/v2\/posts"}],"about":[{"href":"https:\/\/archive.sana.sy\/es\/index.php?rest_route=\/wp\/v2\/types\/post"}],"author":[{"embeddable":true,"href":"https:\/\/archive.sana.sy\/es\/index.php?rest_route=\/wp\/v2\/users\/39"}],"replies":[{"embeddable":true,"href":"https:\/\/archive.sana.sy\/es\/index.php?rest_route=%2Fwp%2Fv2%2Fcomments&post=214579"}],"version-history":[{"count":0,"href":"https:\/\/archive.sana.sy\/es\/index.php?rest_route=\/wp\/v2\/posts\/214579\/revisions"}],"wp:featuredmedia":[{"embeddable":true,"href":"https:\/\/archive.sana.sy\/es\/index.php?rest_route=\/wp\/v2\/media\/214580"}],"wp:attachment":[{"href":"https:\/\/archive.sana.sy\/es\/index.php?rest_route=%2Fwp%2Fv2%2Fmedia&parent=214579"}],"wp:term":[{"taxonomy":"category","embeddable":true,"href":"https:\/\/archive.sana.sy\/es\/index.php?rest_route=%2Fwp%2Fv2%2Fcategories&post=214579"},{"taxonomy":"post_tag","embeddable":true,"href":"https:\/\/archive.sana.sy\/es\/index.php?rest_route=%2Fwp%2Fv2%2Ftags&post=214579"}],"curies":[{"name":"wp","href":"https:\/\/api.w.org\/{rel}","templated":true}]}}