{"id":214585,"date":"2022-01-15T20:02:48","date_gmt":"2022-01-15T18:02:48","guid":{"rendered":"http:\/\/107.6.182.27\/es\/?p=214585"},"modified":"2023-01-10T14:21:19","modified_gmt":"2023-01-10T12:21:19","slug":"siria-enfrento-las-organizaciones-terroristas-y-logro-relativa-estabilidad-afirma-funcionario-irani","status":"publish","type":"post","link":"https:\/\/archive.sana.sy\/es\/?p=214585","title":{"rendered":"Siria enfrent\u00f3 las organizaciones terroristas y logr\u00f3 relativa estabilidad, afirma funcionario iran\u00ed"},"content":{"rendered":"<p style=\"text-align: justify;\"><span style=\"color: #800000;\"><strong>Teher\u00e1n, 15 ene (SANA)\u00a0\u00a0<\/strong><\/span>\u00a0 Ir\u00e1n reiter\u00f3 la necesidad de levantar las medidas econ\u00f3micas coercitivas unilaterales impuestas a Siria y manifest\u00f3 su apoyo a su soberan\u00eda nacional e integridad territorial.<\/p>\n<p style=\"text-align: justify;\">El asesor principal del Ministro de Exteriores de Ir\u00e1n para Asuntos Pol\u00edticos Especiales, Ali Asghar Khaji, dijo durante su reuni\u00f3n en Teher\u00e1n con el Enviado Especial de las Naciones Unidas para Siria, Geir Pedersen, que &#8220;Ir\u00e1n siempre ha apoyado los esfuerzos de las Naciones Unidas para conservar la soberan\u00eda nacional e integridad territorial de Siria, alentar el di\u00e1logo entre sirios y sentar las bases para la paz y la estabilidad&#8221;.<\/p>\n<p style=\"text-align: justify;\">&#8220;El gobierno y el pueblo sirios se enfrentaron al Daesh y otras organizaciones terroristas durante m\u00e1s de 10 a\u00f1os, y ahora lograron una relativa estabilidad y es importante intensificar los esfuerzos actuales para levantar las sanciones, brindar asistencia al pueblo, devolver a los refugiados y comenzar la reconstrucci\u00f3n\u201d, precis\u00f3 Asghar Khaji.<\/p>\n<p style=\"text-align: justify;\">A su vez, Pedersen elogi\u00f3 los esfuerzos de Ir\u00e1n para cooperar con las Naciones Unidas y su papel en el proceso de Astan\u00e1 sobre Siria.<\/p>\n<p style=\"text-align: justify;\">fm<\/p>\n","protected":false},"excerpt":{"rendered":"<p>Teher\u00e1n, 15 ene (SANA)\u00a0\u00a0\u00a0 Ir\u00e1n reiter\u00f3 la necesidad de levantar las medidas econ\u00f3micas coercitivas unilaterales impuestas a Siria y manifest\u00f3 su apoyo a su soberan\u00eda nacional e integridad territorial. El asesor principal del Ministro de Exteriores de Ir\u00e1n para Asuntos Pol\u00edticos Especiales, Ali Asghar Khaji, dijo durante su reuni\u00f3n en Teher\u00e1n con el Enviado Especial &hellip;<\/p>\n","protected":false},"author":34,"featured_media":214586,"comment_status":"closed","ping_status":"closed","sticky":false,"template":"","format":"standard","meta":{"footnotes":""},"categories":[447,597,476,457,467,7541],"tags":[],"class_list":["post-214585","post","type-post","status-publish","format-standard","has-post-thumbnail","","category-local-politica","category-cinta-de-noticias","category-locales","category-noticias-arabe-internacional-politica","category-siria-y-el-mundo","category-ultimas-noticias"],"_links":{"self":[{"href":"https:\/\/archive.sana.sy\/es\/index.php?rest_route=\/wp\/v2\/posts\/214585"}],"collection":[{"href":"https:\/\/archive.sana.sy\/es\/index.php?rest_route=\/wp\/v2\/posts"}],"about":[{"href":"https:\/\/archive.sana.sy\/es\/index.php?rest_route=\/wp\/v2\/types\/post"}],"author":[{"embeddable":true,"href":"https:\/\/archive.sana.sy\/es\/index.php?rest_route=\/wp\/v2\/users\/34"}],"replies":[{"embeddable":true,"href":"https:\/\/archive.sana.sy\/es\/index.php?rest_route=%2Fwp%2Fv2%2Fcomments&post=214585"}],"version-history":[{"count":0,"href":"https:\/\/archive.sana.sy\/es\/index.php?rest_route=\/wp\/v2\/posts\/214585\/revisions"}],"wp:featuredmedia":[{"embeddable":true,"href":"https:\/\/archive.sana.sy\/es\/index.php?rest_route=\/wp\/v2\/media\/214586"}],"wp:attachment":[{"href":"https:\/\/archive.sana.sy\/es\/index.php?rest_route=%2Fwp%2Fv2%2Fmedia&parent=214585"}],"wp:term":[{"taxonomy":"category","embeddable":true,"href":"https:\/\/archive.sana.sy\/es\/index.php?rest_route=%2Fwp%2Fv2%2Fcategories&post=214585"},{"taxonomy":"post_tag","embeddable":true,"href":"https:\/\/archive.sana.sy\/es\/index.php?rest_route=%2Fwp%2Fv2%2Ftags&post=214585"}],"curies":[{"name":"wp","href":"https:\/\/api.w.org\/{rel}","templated":true}]}}