{"id":21461,"date":"2015-04-17T17:12:10","date_gmt":"2015-04-17T14:12:10","guid":{"rendered":"http:\/\/www.sana.sy\/es\/?p=21461"},"modified":"2015-04-17T17:12:10","modified_gmt":"2015-04-17T14:12:10","slug":"ejercito-iraqui-recupera-el-control-de-al-ramadi","status":"publish","type":"post","link":"https:\/\/archive.sana.sy\/es\/?p=21461","title":{"rendered":"Ej\u00e9rcito iraqu\u00ed recupera el control de al-Ramadi"},"content":{"rendered":"<p style=\"text-align: justify\"><span style=\"color: #0000ff\">Bagdad-SANA<\/span><\/p>\n<p>El portavoz de operaciones del Ej\u00e9rcito iraqu\u00ed en la provincia de Al-Anbar, el general de brigada Saad Maan, ha informado la recuperaci\u00f3n\u00a0 completa de la ciudad de Ramadi, capital de dicha provincia, de las manos terroristas del grupo terrorista Daesh, (EI).<\/p>\n<p>Asimismo, el\u00a0 pasado mi\u00e9rcoles, fuentes iraqu\u00edes reportaron fuertes enfrentamientos entre terroristas del (EI) y las fuerzas del Ej\u00e9rcito y las fuerzas voluntarias dentro de la ciudad de Ramadi.<\/p>\n<p>\u201cLas dos regiones de Al-Sofiya y Albu-Qanim que todav\u00eda se encuentran bajo control de Daesh est\u00e1n situadas en las afueras de Ramadi y el Ej\u00e9rcito y las fuerzas iraqu\u00edes est\u00e1n preparando amplias operaciones en esas zona\u201d, ha aclarado el general de brigada.<\/p>\n<p><span style=\"color: #800000\">M.Miri<\/span><\/p>\n","protected":false},"excerpt":{"rendered":"<p>Bagdad-SANA El portavoz de operaciones del Ej\u00e9rcito iraqu\u00ed en la provincia de Al-Anbar, el general de brigada Saad Maan, ha informado la recuperaci\u00f3n\u00a0 completa de la ciudad de Ramadi, capital de dicha provincia, de las manos terroristas del grupo terrorista Daesh, (EI). Asimismo, el\u00a0 pasado mi\u00e9rcoles, fuentes iraqu\u00edes reportaron fuertes enfrentamientos entre terroristas del (EI) &hellip;<\/p>\n","protected":false},"author":1,"featured_media":21462,"comment_status":"closed","ping_status":"closed","sticky":false,"template":"","format":"standard","meta":{"footnotes":""},"categories":[456,457,576],"tags":[4898],"class_list":["post-21461","post","type-post","status-publish","format-standard","has-post-thumbnail","","category-arabe-internacional-politica","category-noticias-arabe-internacional-politica","category-noticias-politicas","tag-ejercito-iraqui-recupera-el-control-de-al-ramadi"],"_links":{"self":[{"href":"https:\/\/archive.sana.sy\/es\/index.php?rest_route=\/wp\/v2\/posts\/21461"}],"collection":[{"href":"https:\/\/archive.sana.sy\/es\/index.php?rest_route=\/wp\/v2\/posts"}],"about":[{"href":"https:\/\/archive.sana.sy\/es\/index.php?rest_route=\/wp\/v2\/types\/post"}],"author":[{"embeddable":true,"href":"https:\/\/archive.sana.sy\/es\/index.php?rest_route=\/wp\/v2\/users\/1"}],"replies":[{"embeddable":true,"href":"https:\/\/archive.sana.sy\/es\/index.php?rest_route=%2Fwp%2Fv2%2Fcomments&post=21461"}],"version-history":[{"count":0,"href":"https:\/\/archive.sana.sy\/es\/index.php?rest_route=\/wp\/v2\/posts\/21461\/revisions"}],"wp:featuredmedia":[{"embeddable":true,"href":"https:\/\/archive.sana.sy\/es\/index.php?rest_route=\/wp\/v2\/media\/21462"}],"wp:attachment":[{"href":"https:\/\/archive.sana.sy\/es\/index.php?rest_route=%2Fwp%2Fv2%2Fmedia&parent=21461"}],"wp:term":[{"taxonomy":"category","embeddable":true,"href":"https:\/\/archive.sana.sy\/es\/index.php?rest_route=%2Fwp%2Fv2%2Fcategories&post=21461"},{"taxonomy":"post_tag","embeddable":true,"href":"https:\/\/archive.sana.sy\/es\/index.php?rest_route=%2Fwp%2Fv2%2Ftags&post=21461"}],"curies":[{"name":"wp","href":"https:\/\/api.w.org\/{rel}","templated":true}]}}