{"id":21464,"date":"2015-04-17T18:32:06","date_gmt":"2015-04-17T15:32:06","guid":{"rendered":"http:\/\/www.sana.sy\/es\/?p=21464"},"modified":"2015-04-18T17:03:10","modified_gmt":"2015-04-18T14:03:10","slug":"siria-sera-el-primer-pais-en-vencer-al-terrorismo","status":"publish","type":"post","link":"https:\/\/archive.sana.sy\/es\/?p=21464","title":{"rendered":"Siria ser\u00e1 el primer pa\u00eds en vencer al terrorismo"},"content":{"rendered":"<p><span style=\"color: #0000ff\">Damasco-SANA<\/span><\/p>\n<p style=\"text-align: justify\">Con motivo del 69 aniversario del d\u00eda de la independencia, el club deportivo y social al- Fayhaa organiz\u00f3 hoy un en Damasco, un marat\u00f3n popular bajo el eslagon &#8220;Siria es Nuestra&#8221;, con la participaci\u00f3n de 2.000 corredores.<\/p>\n<p style=\"text-align: justify\"><a href=\"http:\/\/www.sana.sy\/es\/wp-content\/uploads\/2015\/04\/041.jpg\"><img loading=\"lazy\" decoding=\"async\" class=\"alignnone size-medium wp-image-21468\" src=\"http:\/\/www.sana.sy\/es\/wp-content\/uploads\/2015\/04\/041-300x160.jpg\" alt=\"04\" width=\"300\" height=\"160\" srcset=\"https:\/\/archive.sana.sy\/es\/wp-content\/uploads\/2015\/04\/041-300x160.jpg 300w, https:\/\/archive.sana.sy\/es\/wp-content\/uploads\/2015\/04\/041-150x80.jpg 150w, https:\/\/archive.sana.sy\/es\/wp-content\/uploads\/2015\/04\/041.jpg 620w\" sizes=\"(max-width: 300px) 100vw, 300px\" \/><\/a><\/p>\n<p style=\"text-align: justify\">Los participantes han confirmado que Siria vencer\u00e1 el terrorismo y que el pueblo sirio a largo de todo el pa\u00eds va a derrotar todas las conspiraciones dirigidas contra Siria.<\/p>\n<p style=\"text-align: justify\"><a href=\"http:\/\/www.sana.sy\/es\/wp-content\/uploads\/2015\/04\/021.jpg\"><img loading=\"lazy\" decoding=\"async\" class=\"alignnone size-medium wp-image-21466\" src=\"http:\/\/www.sana.sy\/es\/wp-content\/uploads\/2015\/04\/021-300x160.jpg\" alt=\"02\" width=\"300\" height=\"160\" srcset=\"https:\/\/archive.sana.sy\/es\/wp-content\/uploads\/2015\/04\/021-300x160.jpg 300w, https:\/\/archive.sana.sy\/es\/wp-content\/uploads\/2015\/04\/021-150x80.jpg 150w, https:\/\/archive.sana.sy\/es\/wp-content\/uploads\/2015\/04\/021.jpg 381w\" sizes=\"(max-width: 300px) 100vw, 300px\" \/><\/a>\u00a0<a href=\"http:\/\/www.sana.sy\/es\/wp-content\/uploads\/2015\/04\/032.jpg\"><img loading=\"lazy\" decoding=\"async\" class=\"alignnone size-full wp-image-21467\" src=\"http:\/\/www.sana.sy\/es\/wp-content\/uploads\/2015\/04\/032.jpg\" alt=\"03\" width=\"282\" height=\"203\" srcset=\"https:\/\/archive.sana.sy\/es\/wp-content\/uploads\/2015\/04\/032.jpg 282w, https:\/\/archive.sana.sy\/es\/wp-content\/uploads\/2015\/04\/032-150x108.jpg 150w\" sizes=\"(max-width: 282px) 100vw, 282px\" \/><\/a><\/p>\n<p style=\"text-align: justify\"><span style=\"color: #800000\">M.Miri<\/span><\/p>\n","protected":false},"excerpt":{"rendered":"<p>Damasco-SANA Con motivo del 69 aniversario del d\u00eda de la independencia, el club deportivo y social al- Fayhaa organiz\u00f3 hoy un en Damasco, un marat\u00f3n popular bajo el eslagon &#8220;Siria es Nuestra&#8221;, con la participaci\u00f3n de 2.000 corredores. Los participantes han confirmado que Siria vencer\u00e1 el terrorismo y que el pueblo sirio a largo de &hellip;<\/p>\n","protected":false},"author":1,"featured_media":21465,"comment_status":"closed","ping_status":"closed","sticky":false,"template":"","format":"standard","meta":{"footnotes":""},"categories":[494],"tags":[],"class_list":["post-21464","post","type-post","status-publish","format-standard","has-post-thumbnail","","category-deportes"],"_links":{"self":[{"href":"https:\/\/archive.sana.sy\/es\/index.php?rest_route=\/wp\/v2\/posts\/21464"}],"collection":[{"href":"https:\/\/archive.sana.sy\/es\/index.php?rest_route=\/wp\/v2\/posts"}],"about":[{"href":"https:\/\/archive.sana.sy\/es\/index.php?rest_route=\/wp\/v2\/types\/post"}],"author":[{"embeddable":true,"href":"https:\/\/archive.sana.sy\/es\/index.php?rest_route=\/wp\/v2\/users\/1"}],"replies":[{"embeddable":true,"href":"https:\/\/archive.sana.sy\/es\/index.php?rest_route=%2Fwp%2Fv2%2Fcomments&post=21464"}],"version-history":[{"count":0,"href":"https:\/\/archive.sana.sy\/es\/index.php?rest_route=\/wp\/v2\/posts\/21464\/revisions"}],"wp:featuredmedia":[{"embeddable":true,"href":"https:\/\/archive.sana.sy\/es\/index.php?rest_route=\/wp\/v2\/media\/21465"}],"wp:attachment":[{"href":"https:\/\/archive.sana.sy\/es\/index.php?rest_route=%2Fwp%2Fv2%2Fmedia&parent=21464"}],"wp:term":[{"taxonomy":"category","embeddable":true,"href":"https:\/\/archive.sana.sy\/es\/index.php?rest_route=%2Fwp%2Fv2%2Fcategories&post=21464"},{"taxonomy":"post_tag","embeddable":true,"href":"https:\/\/archive.sana.sy\/es\/index.php?rest_route=%2Fwp%2Fv2%2Ftags&post=21464"}],"curies":[{"name":"wp","href":"https:\/\/api.w.org\/{rel}","templated":true}]}}