{"id":214652,"date":"2022-01-16T11:57:36","date_gmt":"2022-01-16T09:57:36","guid":{"rendered":"http:\/\/107.6.182.27\/es\/?p=214652"},"modified":"2023-01-10T15:13:16","modified_gmt":"2023-01-10T13:13:16","slug":"resumen-semanal-de-las-principales-noticias-economicas-de-siria","status":"publish","type":"post","link":"https:\/\/archive.sana.sy\/es\/?p=214652","title":{"rendered":"Resumen semanal de las principales noticias econ\u00f3micas de Siria"},"content":{"rendered":"<p style=\"text-align: justify;\"><strong><span style=\"color: #800000;\">Provincias, 16 ene (SANA)\u00a0\u00a0<\/span><\/strong> <strong>A continuaci\u00f3n las noticias econ\u00f3micas m\u00e1s importantes de Siria difundidas por SANA en Espa\u00f1ol durante la \u00faltima semana:<\/strong><\/p>\n<p style=\"text-align: justify;\"><span style=\"color: #0000ff;\"><strong>Siria exportar\u00e1 sus c\u00edtricos a Iraq a partir de la pr\u00f3xima semana<\/strong><\/span><\/p>\n<p style=\"text-align: justify;\">El jefe de la Federaci\u00f3n de C\u00e1maras de Agricultura de Siria, Muhammad Kashto, revel\u00f3 hoy la firma de contratos para exportar c\u00edtricos a los pa\u00edses vecinos.<\/p>\n<p style=\"text-align: justify;\">En declaraciones a SANA, Kashto precis\u00f3 que a partir de la pr\u00f3xima semana, comenzar\u00e1n las exportaciones hacia Iraq, y destac\u00f3 que las recientes medidas gubernamentales contribuyeron a superar la mayor\u00eda de los obst\u00e1culos que obstru\u00edan el flujo de c\u00edtricos desde la costa hacia otras provincias.<\/p>\n<p style=\"text-align: justify;\">El martes \u00faltimo, el Consejo de Ministros aprob\u00f3 medidas para reactivar la comercializaci\u00f3n de la temporada de c\u00edtricos, incluida la compra de grandes cantidades de agricultores directamente, adem\u00e1s de movilizar alrededor de 100 camiones para ayudar a los campesinos a transportar sus cosechas.<\/p>\n<p style=\"text-align: justify;\"><span style=\"color: #0000ff;\"><strong>Siria se une a la Iniciativa del Cintur\u00f3n Econ\u00f3mico de la Ruta de Seda<\/strong><\/span><\/p>\n<p style=\"text-align: justify;\">Siria y China firmaron un memorando de entendimiento en el marco de la iniciativa del Cintur\u00f3n Econ\u00f3mico de la Ruta de Seda en el Siglo XXI.<\/p>\n<p style=\"text-align: justify;\">El memor\u00e1ndum firmado por el jefe del \u00d3rgano de Planificaci\u00f3n, Fadi al-Khalil y el embajador de China en Damasco, Feng Biao.<\/p>\n<p style=\"text-align: justify;\">Siria se une a la iniciativa, lo que ayuda a abrir amplias perspectivas de cooperaci\u00f3n con China y una serie de pa\u00edses en varias \u00e1reas, incluido el intercambio de bienes, tecnolog\u00eda, capital, y activar el movimiento de personas, adem\u00e1s al intercambio cultural.<\/p>\n<p style=\"text-align: justify;\">El acuerdo incluye la definici\u00f3n de los objetivos de la futura cooperaci\u00f3n con los pa\u00edses socios en la iniciativa, sus principios rectores, \u00e1mbitos y formas.<\/p>\n<p style=\"text-align: justify;\"><strong><span style=\"color: #0000ff;\">Descubrimiento de nuevo pozo de gas cerca de Palmira\/Siria<\/span> <\/strong><\/p>\n<p style=\"text-align: justify;\">El ministro de Petr\u00f3leo y Recursos Minerales, Bassam Tohme, anunci\u00f3 el descubrimiento de un nuevo pozo de gas cerca de la ciudad de Palmira en el este de la provincia central de Homs.<\/p>\n<p style=\"text-align: justify;\">El ministro inform\u00f3 que dicho pozo se pondr\u00e1 en producci\u00f3n durante el pr\u00f3ximo per\u00edodo, as\u00ed como se cavar\u00e1n m\u00e1s pozos cerca del mismo para evaluar la reserva gas\u00edfera en la zona.<\/p>\n<p style=\"text-align: justify;\"><span style=\"color: #0000ff;\"><strong>Siria e Ir\u00e1n abordan v\u00edas para lograr enlace ferroviario y establecer la ruta de transporte mar\u00edtimo<\/strong><\/span><\/p>\n<p style=\"text-align: justify;\">El ministro de Transporte, ZuhairKhuzaim, discuti\u00f3 con RostamQasemi, ministro de Carreteras y Desarrollo Urbano, las v\u00edas de desarrollar los trabajos acordados entre los dos pa\u00edses, especialmente en el \u00e1mbito de la conexi\u00f3n ferroviaria entre Siria, Irak e Ir\u00e1n, que parte de Shalamcheh hacia Bosra en Irak y de all\u00ed al territorio sirio.<\/p>\n<p style=\"text-align: justify;\">En la reuni\u00f3n fueron abordados tambi\u00e9n una serie de proyectos como la cooperaci\u00f3n en los sectores de transporte mar\u00edtimo y a\u00e9reo, el intercambio de experiencias, la construcci\u00f3n de nuevas carreteras, la rehabilitaci\u00f3n de las carreteras y puentes en Siria y la coordinaci\u00f3n continua frente al bloqueo econ\u00f3mico impuesto por Occidente a los dos pa\u00edses.<\/p>\n<p style=\"text-align: justify;\">En declaraciones a la prensa, el ministro Qasemi afirm\u00f3 que uno de los objetivos de su visita a Siria es activar los acuerdos firmados entre los dos pa\u00edses en materia de transporte, e hizo referencia al acuerdo de fijar la ruta de transporte mar\u00edtimo directo entre Siria e Ir\u00e1n y el desarrollo del cargo a\u00e9reo entre ellos.<\/p>\n<p style=\"text-align: justify;\">Por su parte, el ministro Khuzaim afirm\u00f3 que el ministerio busca establecer un enlace ferroviario entre Siria e Ir\u00e1n, revelando que en la reuni\u00f3n se discutieron varios planes, incluida la construcci\u00f3n de carreteras (highway) entre los dos pa\u00edses.<\/p>\n<p style=\"text-align: justify;\">En julio de 2019, Siria, Ir\u00e1n e Irak suscribieron el acta de una reuni\u00f3n de cooperaci\u00f3n en materia de transporte integral, el cual estipul\u00f3 que los tres pa\u00edses desempe\u00f1ar\u00e1n serios esfuerzos para interconectar las redes ferroviarias en sus territorios.<\/p>\n<p style=\"text-align: justify;\"><span style=\"color: #0000ff;\"><strong>Venden pl\u00e1ntulas a precios reducidos a agricultores en provincia de Sweida<\/strong><\/span><\/p>\n<p style=\"text-align: justify;\">La Direcci\u00f3n de Agricultura de la provincia sure\u00f1a de Sweida vendi\u00f3, a precios m\u00f3dicos, unas 25.000 plantas de olivo a los agricultores.<\/p>\n<p style=\"text-align: justify;\">\u201cAdem\u00e1s y desde el inicio de la actual temporada, se vendieron unas 8.000 pl\u00e1ntulas de pistacho\u201d, inform\u00f3 el jefe de la Secci\u00f3n de Producci\u00f3n Vegetal, Akram Saray El-Din.<\/p>\n<p style=\"text-align: justify;\">Indic\u00f3 que la Direcci\u00f3n se est\u00e1 preparando para vender, a precios bajos, pl\u00e1ntulas de almendros a los agricultores durante el pr\u00f3ximo per\u00edodo.<\/p>\n<p style=\"text-align: justify;\">La superficie total plantada de olivos en la provincia de Sweida es de 9.945 hect\u00e1reas, que incluyen 1.673.000 \u00e1rboles, de los cuales 1.412.000 son fruct\u00edferos.<\/p>\n<p style=\"text-align: justify;\"><span style=\"color: #0000ff;\"><strong>Siria e Ir\u00e1n examinan amplio abanico de temas de cooperaci\u00f3n<\/strong><\/span><\/p>\n<p style=\"text-align: justify;\">En una reuni\u00f3n celebrada hoy en la sede del Gabinete, el primer ministro, Hussein Arnous, repas\u00f3 con el ministro de Carreteras y Construcci\u00f3n de Ciudades de Ir\u00e1n, RustumQassami, la consolidaci\u00f3n de la cooperaci\u00f3n conjunta en diferentes campos de la econom\u00eda, el transporte, la industria, la electricidad y los derivados del petr\u00f3leo.<\/p>\n<p style=\"text-align: justify;\">Las conversaciones abordaron los esfuerzos para alcanzar integraci\u00f3n entre las econom\u00edas de ambas naciones, aumentar el comercio, fortalecer la interdependencia de los mercados de los dos pa\u00edses y formar equipos conjuntos de seguimiento para activar e implementar los acuerdos y ponerlos en pr\u00e1ctica.<\/p>\n<p style=\"text-align: justify;\">En la cita, se destac\u00f3 la necesidad de ampliar la cooperaci\u00f3n en las \u00e1reas de viviendas, rehabilitaci\u00f3n de infraestructura da\u00f1ada y allanar el camino ante las inversiones conjuntas, adem\u00e1s de conceder facilidades al sector privado en ambos pa\u00edses para implementar proyectos en los sectores vitales y de fomento.<\/p>\n<p style=\"text-align: justify;\">Tambi\u00e9n se trataron las formas de garantizar el transporte terrestre y facilitar el comercio y el movimiento de mercanc\u00edas, establecer una zona franca industrial conjunta y fabricar la maquinaria agr\u00edcola necesaria para el mercado sirio.<\/p>\n<p style=\"text-align: justify;\">El Primer Ministro resalt\u00f3 la disposici\u00f3n del gobierno sirio a tomar todas las medidas que contribuyan a impulsar las relaciones bilaterales, superar los obst\u00e1culos y encontrar pilares para la cooperaci\u00f3n econ\u00f3mica a largo plazo.<\/p>\n<p style=\"text-align: justify;\">\u201cAgradecemos la posici\u00f3n de Ir\u00e1n de su apoyo al pueblo sirio en su lucha contra el terrorismo que enfrenta y las medidas econ\u00f3micas coercitivas unilaterales\u201d, expres\u00f3 el Jefe del Gabinete.<\/p>\n<p style=\"text-align: justify;\">Por su parte, el Titular iran\u00ed ratific\u00f3 el continuo apoyo de su pa\u00eds a Siria.<\/p>\n<p style=\"text-align: justify;\"><span style=\"color: #0000ff;\"><strong>Siria e Ir\u00e1n abordan la cooperaci\u00f3n en materia de econom\u00eda<\/strong><\/span><\/p>\n<p style=\"text-align: justify;\">El Ministro de Econom\u00eda y Comercio Exterior, Mohammed Samer Al-Khalil, discuti\u00f3 con RostamQasemi, ministro de Carreteras y Desarrollo Urbano de Ir\u00e1n, v\u00edas de desarrollar la cooperaci\u00f3n, las relaciones econ\u00f3micas y el intercambio comercial, y activar los acuerdos firmados entre los dos pa\u00edses.<\/p>\n<p style=\"text-align: justify;\">Las dos partes discutieron la posibilidad de establecer zonas francas conjuntas entre los dos pa\u00edses y desarrollar la cooperaci\u00f3n de inversi\u00f3n, ya que el Ministro Al-Khalil explic\u00f3 que la Ley de Inversiones No. 18 de 2021 brinda muchas ventajas, exenciones de impuestos e incentivos, ya sea para la inversi\u00f3n directa del sector privado o en asociaci\u00f3n con agencias gubernamentales.<\/p>\n<p style=\"text-align: justify;\">El ministro Al-Khalil se\u00f1al\u00f3 la necesidad de aumentar el volumen de intercambio comercial entre los dos pa\u00edses en lo que respecta a la importaci\u00f3n de maquinaria agr\u00edcola iran\u00ed y establecer una l\u00ednea mar\u00edtima regular que acorta el tiempo y asegura el movimiento fluido de mercanc\u00edas entre Siria e Ir\u00e1n.<\/p>\n<p style=\"text-align: justify;\">Por su parte, el ministro Qasemi subray\u00f3 la necesidad de activar los acuerdos suscritos entre los dos pa\u00edses para alcanzar etapas avanzadas en las relaciones econ\u00f3micas.<\/p>\n<p style=\"text-align: justify;\"><span style=\"color: #0000ff;\"><strong>Conversaciones sirio-iranies para desarrollar la cooperaci\u00f3n en materia bancaria<\/strong><\/span><\/p>\n<p style=\"text-align: justify;\">El gobernador del Banco Central de Siria, MohamadIsamHazimeh, se reuni\u00f3 esta tarde en Damasco con RostamQasemi, el ministro de Carreteras y Desarrollo Urbano de la Rep\u00fablica Isl\u00e1mica de Ir\u00e1n.<\/p>\n<p style=\"text-align: justify;\">Hazimeh manifest\u00f3 la disposici\u00f3n de crear un equipo de cooperaci\u00f3n t\u00e9cnico habilitado de encontrar canales bancarios mutuos, as\u00ed como hizo hincapi\u00e9 en la necesidad de impulsar la cooperaci\u00f3n econ\u00f3mica, financiera y comercial entre ambas naciones.<\/p>\n<p style=\"text-align: justify;\">A su vez, Qasemi esper\u00f3 que este encuentro contribuya a desarrollar las relaciones econ\u00f3mica-comerciales, y explic\u00f3 que el comercio y las inversiones conjuntas se vinculan con la infraestructura bancaria en los dos pa\u00edses.<\/p>\n<p style=\"text-align: justify;\">Enfatiz\u00f3 la importancia de afianzar la cooperaci\u00f3n bancaria entre el Banco Central de Ir\u00e1n y su hom\u00f3logo sirio con el fin de facilitar el intercambio comercial e impulsar las exportaciones de ambas partes.<\/p>\n<p style=\"text-align: justify;\">Concluy\u00f3 reiterando la determinaci\u00f3n de su pa\u00eds de formar parte del proceso de reconstrucci\u00f3n de Siria.<\/p>\n<p style=\"text-align: justify;\"><span style=\"color: #0000ff;\"><strong>Siria e Ir\u00e1n abordan v\u00edas para lograr enlace ferroviario y establecer la ruta de transporte mar\u00edtimo<\/strong><\/span><\/p>\n<p style=\"text-align: justify;\">El ministro de Transporte, ZuhairKhuzaim, discuti\u00f3 con RostamQasemi, ministro de Carreteras y Desarrollo Urbano, las v\u00edas de desarrollar los trabajos acordados entre los dos pa\u00edses, especialmente en el \u00e1mbito de la conexi\u00f3n ferroviaria entre Siria, Irak e Ir\u00e1n, que parte de Shalamcheh hacia Bosra en Irak y de all\u00ed al territorio sirio.<\/p>\n<p style=\"text-align: justify;\">En la reuni\u00f3n fueron abordados tambi\u00e9n una serie de proyectos como la cooperaci\u00f3n en los sectores de transporte mar\u00edtimo y a\u00e9reo, el intercambio de experiencias, la construcci\u00f3n de nuevas carreteras, la rehabilitaci\u00f3n de las carreteras y puentes en Siria y la coordinaci\u00f3n continua frente al bloqueo econ\u00f3mico impuesto por Occidente a los dos pa\u00edses.<\/p>\n<p style=\"text-align: justify;\">En declaraciones a la prensa, el ministro Qasemi afirm\u00f3 que uno de los objetivos de su visita a Siria es activar los acuerdos firmados entre los dos pa\u00edses en materia de transporte, e hizo referencia al acuerdo de fijar la ruta de transporte mar\u00edtimo directo entre Siria e Ir\u00e1n y el desarrollo del cargo a\u00e9reo entre ellos.<\/p>\n<p style=\"text-align: justify;\">Por su parte, el ministro Khuzaim afirm\u00f3 que el ministerio busca establecer un enlace ferroviario entre Siria e Ir\u00e1n, revelando que en la reuni\u00f3n se discutieron varios planes, incluida la construcci\u00f3n de carreteras (highway) entre los dos pa\u00edses.<\/p>\n<p style=\"text-align: justify;\">En julio de 2019, Siria, Ir\u00e1n e Irak suscribieron el acta de una reuni\u00f3n de cooperaci\u00f3n en materia de transporte integral, el cual estipul\u00f3 que los tres pa\u00edses desempe\u00f1ar\u00e1n serios esfuerzos para interconectar las redes ferroviarias en sus territorios.<\/p>\n","protected":false},"excerpt":{"rendered":"<p>Provincias, 16 ene (SANA)\u00a0\u00a0 A continuaci\u00f3n las noticias econ\u00f3micas m\u00e1s importantes de Siria difundidas por SANA en Espa\u00f1ol durante la \u00faltima semana: Siria exportar\u00e1 sus c\u00edtricos a Iraq a partir de la pr\u00f3xima semana El jefe de la Federaci\u00f3n de C\u00e1maras de Agricultura de Siria, Muhammad Kashto, revel\u00f3 hoy la firma de contratos para exportar &hellip;<\/p>\n","protected":false},"author":32,"featured_media":214653,"comment_status":"closed","ping_status":"closed","sticky":false,"template":"","format":"standard","meta":{"footnotes":""},"categories":[477,597,16686,485,476,7541],"tags":[8577,6553],"class_list":["post-214652","post","type-post","status-publish","format-standard","has-post-thumbnail","","category-noticias-edulcorantes","category-cinta-de-noticias","category-economia","category-informes-negocios-y-finanzas","category-locales","category-ultimas-noticias","tag-palmira","tag-siria"],"_links":{"self":[{"href":"https:\/\/archive.sana.sy\/es\/index.php?rest_route=\/wp\/v2\/posts\/214652"}],"collection":[{"href":"https:\/\/archive.sana.sy\/es\/index.php?rest_route=\/wp\/v2\/posts"}],"about":[{"href":"https:\/\/archive.sana.sy\/es\/index.php?rest_route=\/wp\/v2\/types\/post"}],"author":[{"embeddable":true,"href":"https:\/\/archive.sana.sy\/es\/index.php?rest_route=\/wp\/v2\/users\/32"}],"replies":[{"embeddable":true,"href":"https:\/\/archive.sana.sy\/es\/index.php?rest_route=%2Fwp%2Fv2%2Fcomments&post=214652"}],"version-history":[{"count":0,"href":"https:\/\/archive.sana.sy\/es\/index.php?rest_route=\/wp\/v2\/posts\/214652\/revisions"}],"wp:featuredmedia":[{"embeddable":true,"href":"https:\/\/archive.sana.sy\/es\/index.php?rest_route=\/wp\/v2\/media\/214653"}],"wp:attachment":[{"href":"https:\/\/archive.sana.sy\/es\/index.php?rest_route=%2Fwp%2Fv2%2Fmedia&parent=214652"}],"wp:term":[{"taxonomy":"category","embeddable":true,"href":"https:\/\/archive.sana.sy\/es\/index.php?rest_route=%2Fwp%2Fv2%2Fcategories&post=214652"},{"taxonomy":"post_tag","embeddable":true,"href":"https:\/\/archive.sana.sy\/es\/index.php?rest_route=%2Fwp%2Fv2%2Ftags&post=214652"}],"curies":[{"name":"wp","href":"https:\/\/api.w.org\/{rel}","templated":true}]}}