{"id":214782,"date":"2022-01-17T12:36:36","date_gmt":"2022-01-17T10:36:36","guid":{"rendered":"http:\/\/107.6.182.27\/es\/?p=214782"},"modified":"2023-01-09T14:04:24","modified_gmt":"2023-01-09T12:04:24","slug":"grupos-populares-atacan-cuartel-de-la-milicia-separatista-proestadounidense-fds","status":"publish","type":"post","link":"https:\/\/archive.sana.sy\/es\/?p=214782","title":{"rendered":"Grupos populares atacan cuartel de la milicia separatista proestadounidense FDS"},"content":{"rendered":"<p style=\"text-align: justify;\"><span style=\"color: #800000;\"><strong>Deir Ezzor, 17 ene (SANA)<\/strong><\/span>\u00a0 Un n\u00famero de integrantes de las llamadas Fuerzas Democr\u00e1ticas de Siria (FDS) resultaron heridos en un ataque de grupos populares contra una de las sedes de esta milicia af\u00edn a Washington.<\/p>\n<p style=\"text-align: justify;\">Activistas locales comunicaron a SANA que el ataque se realiz\u00f3 con armas autom\u00e1ticas y caus\u00f3 la destrucci\u00f3n de partes del cuartel general ubicado en las inmediaciones de la localidad de al-Namliah, en el norte de Deir Ezzor.<\/p>\n<p style=\"text-align: justify;\">El d\u00eda 11 de este mes, varios milicianos de FDS resultaron muertos o heridos en ataque con bomba de los grupos populares en la aldea de Al-Takihi en el norte de Deir Ezzor.<\/p>\n<p style=\"text-align: justify;\"><em>fm\/ws<\/em><\/p>\n","protected":false},"excerpt":{"rendered":"<p>Deir Ezzor, 17 ene (SANA)\u00a0 Un n\u00famero de integrantes de las llamadas Fuerzas Democr\u00e1ticas de Siria (FDS) resultaron heridos en un ataque de grupos populares contra una de las sedes de esta milicia af\u00edn a Washington. Activistas locales comunicaron a SANA que el ataque se realiz\u00f3 con armas autom\u00e1ticas y caus\u00f3 la destrucci\u00f3n de partes &hellip;<\/p>\n","protected":false},"author":35,"featured_media":214784,"comment_status":"closed","ping_status":"closed","sticky":false,"template":"","format":"standard","meta":{"footnotes":""},"categories":[447,477,597,476,7541],"tags":[],"class_list":["post-214782","post","type-post","status-publish","format-standard","has-post-thumbnail","","category-local-politica","category-noticias-edulcorantes","category-cinta-de-noticias","category-locales","category-ultimas-noticias"],"_links":{"self":[{"href":"https:\/\/archive.sana.sy\/es\/index.php?rest_route=\/wp\/v2\/posts\/214782"}],"collection":[{"href":"https:\/\/archive.sana.sy\/es\/index.php?rest_route=\/wp\/v2\/posts"}],"about":[{"href":"https:\/\/archive.sana.sy\/es\/index.php?rest_route=\/wp\/v2\/types\/post"}],"author":[{"embeddable":true,"href":"https:\/\/archive.sana.sy\/es\/index.php?rest_route=\/wp\/v2\/users\/35"}],"replies":[{"embeddable":true,"href":"https:\/\/archive.sana.sy\/es\/index.php?rest_route=%2Fwp%2Fv2%2Fcomments&post=214782"}],"version-history":[{"count":0,"href":"https:\/\/archive.sana.sy\/es\/index.php?rest_route=\/wp\/v2\/posts\/214782\/revisions"}],"wp:featuredmedia":[{"embeddable":true,"href":"https:\/\/archive.sana.sy\/es\/index.php?rest_route=\/wp\/v2\/media\/214784"}],"wp:attachment":[{"href":"https:\/\/archive.sana.sy\/es\/index.php?rest_route=%2Fwp%2Fv2%2Fmedia&parent=214782"}],"wp:term":[{"taxonomy":"category","embeddable":true,"href":"https:\/\/archive.sana.sy\/es\/index.php?rest_route=%2Fwp%2Fv2%2Fcategories&post=214782"},{"taxonomy":"post_tag","embeddable":true,"href":"https:\/\/archive.sana.sy\/es\/index.php?rest_route=%2Fwp%2Fv2%2Ftags&post=214782"}],"curies":[{"name":"wp","href":"https:\/\/api.w.org\/{rel}","templated":true}]}}