{"id":214854,"date":"2022-01-17T21:38:49","date_gmt":"2022-01-17T19:38:49","guid":{"rendered":"http:\/\/107.6.182.27\/es\/?p=214854"},"modified":"2022-01-17T21:38:49","modified_gmt":"2022-01-17T19:38:49","slug":"conversaciones-sirio-iraquies-para-consolidar-cooperacion-en-transporte-y-seguridad-fronteriza","status":"publish","type":"post","link":"https:\/\/archive.sana.sy\/es\/?p=214854","title":{"rendered":"Conversaciones sirio-iraqu\u00edes para consolidar cooperaci\u00f3n en transporte y seguridad fronteriza"},"content":{"rendered":"<p style=\"text-align: justify;\"><span style=\"color: #800000;\"><strong>Bagdad, 17 ene (SANA)\u00a0 <\/strong><\/span>El asesor de seguridad nacional iraqu\u00ed, Qassim al-Araji, examin\u00f3 con el embajador sirio en Bagdad, Sattam al-Dandah, la cooperaci\u00f3n conjunta en el campo de la seguridad y el aseguramiento de fronteras.<\/p>\n<p style=\"text-align: justify;\">&#8220;Al-Araji y Al-Dandah abordaron los \u00faltimos desarrollos de la cooperaci\u00f3n conjunta en t\u00e9rminos de la seguridad fronteriza entre ambos pa\u00edses y el expediente del campamento de refugiados de Al-Hol&#8221;, dijo la Consejer\u00eda de Seguridad Nacional iraqu\u00ed en un comunicado.<\/p>\n<p style=\"text-align: justify;\">El embajador Al-Dandah destac\u00f3 el entusiasmo de ambos pa\u00edses por reforzar la seguridad de la frontera com\u00fan y evitar la infiltraci\u00f3n de terroristas e intercambiar informaci\u00f3n de seguridad entre ambos pa\u00edses.<\/p>\n<p style=\"text-align: justify;\">&#8220;La reuni\u00f3n discuti\u00f3 el tema de la trinchera, que se cav\u00f3 a lo largo de la frontera sirio-iraqu\u00ed y reforzarla por alambre de p\u00faas y medios de monitoreo modernos, incluidas c\u00e1maras t\u00e9rmicas&#8221;, dijo al-Dandah a nuestra corresponsal en Bagdad.<\/p>\n<p style=\"text-align: justify;\">En otro contexto, la sede del Ministerio de Transporte iraqu\u00ed acogi\u00f3 una reuni\u00f3n entre el Ministro de Transporte, Nasser Al-Shabli, y el embajador Al-Dandah en la que se debati\u00f3 la realidad de la cooperaci\u00f3n conjunta y las formas de desarrollarla en beneficio de los dos pueblos hermanos.<\/p>\n<p style=\"text-align: justify;\">Al-Shabli expres\u00f3 el entusiasmo de Irak por construir relaciones estrat\u00e9gicas amplias con Siria a la altura de las relaciones hist\u00f3ricas entre los dos pueblos hermanos.<\/p>\n<p style=\"text-align: justify;\">El embajador Al-Dandah dijo en una declaraci\u00f3n a nuestra corresponsal en Bagdad que la reuni\u00f3n examin\u00f3 las v\u00edas de superar los obst\u00e1culos que enfrenta el transporte terrestre de las mercanc\u00edas sirias.<\/p>\n<p style=\"text-align: justify;\">Dijo que fue abordada tambi\u00e9n la necesidad de facilitar el paso de camiones sirios a trav\u00e9s del paso fronterizo de Arar hacia los estados del Golfo, y conceder facilidades a la Aerol\u00ednea \u00c1rabe Siria para expandir el turismo y la cooperaci\u00f3n comercial.<\/p>\n<p style=\"text-align: justify;\">\u201c La reuni\u00f3n discuti\u00f3 tambi\u00e9n el tema de la conectividad ferroviaria entre los dos pa\u00edses y el desarrollo del trabajo de la Compa\u00f1\u00eda de Transporte terrestre Sirio-Iraqu\u00ed\u201d, concluy\u00f3.<\/p>\n<p style=\"text-align: justify;\"><em><strong>ah\/rsh<\/strong><\/em><\/p>\n","protected":false},"excerpt":{"rendered":"<p>Bagdad, 17 ene (SANA)\u00a0 El asesor de seguridad nacional iraqu\u00ed, Qassim al-Araji, examin\u00f3 con el embajador sirio en Bagdad, Sattam al-Dandah, la cooperaci\u00f3n conjunta en el campo de la seguridad y el aseguramiento de fronteras. &#8220;Al-Araji y Al-Dandah abordaron los \u00faltimos desarrollos de la cooperaci\u00f3n conjunta en t\u00e9rminos de la seguridad fronteriza entre ambos pa\u00edses &hellip;<\/p>\n","protected":false},"author":30,"featured_media":214855,"comment_status":"closed","ping_status":"closed","sticky":false,"template":"","format":"standard","meta":{"footnotes":""},"categories":[597,457,467,7541],"tags":[],"class_list":["post-214854","post","type-post","status-publish","format-standard","has-post-thumbnail","","category-cinta-de-noticias","category-noticias-arabe-internacional-politica","category-siria-y-el-mundo","category-ultimas-noticias"],"_links":{"self":[{"href":"https:\/\/archive.sana.sy\/es\/index.php?rest_route=\/wp\/v2\/posts\/214854"}],"collection":[{"href":"https:\/\/archive.sana.sy\/es\/index.php?rest_route=\/wp\/v2\/posts"}],"about":[{"href":"https:\/\/archive.sana.sy\/es\/index.php?rest_route=\/wp\/v2\/types\/post"}],"author":[{"embeddable":true,"href":"https:\/\/archive.sana.sy\/es\/index.php?rest_route=\/wp\/v2\/users\/30"}],"replies":[{"embeddable":true,"href":"https:\/\/archive.sana.sy\/es\/index.php?rest_route=%2Fwp%2Fv2%2Fcomments&post=214854"}],"version-history":[{"count":0,"href":"https:\/\/archive.sana.sy\/es\/index.php?rest_route=\/wp\/v2\/posts\/214854\/revisions"}],"wp:featuredmedia":[{"embeddable":true,"href":"https:\/\/archive.sana.sy\/es\/index.php?rest_route=\/wp\/v2\/media\/214855"}],"wp:attachment":[{"href":"https:\/\/archive.sana.sy\/es\/index.php?rest_route=%2Fwp%2Fv2%2Fmedia&parent=214854"}],"wp:term":[{"taxonomy":"category","embeddable":true,"href":"https:\/\/archive.sana.sy\/es\/index.php?rest_route=%2Fwp%2Fv2%2Fcategories&post=214854"},{"taxonomy":"post_tag","embeddable":true,"href":"https:\/\/archive.sana.sy\/es\/index.php?rest_route=%2Fwp%2Fv2%2Ftags&post=214854"}],"curies":[{"name":"wp","href":"https:\/\/api.w.org\/{rel}","templated":true}]}}