{"id":214883,"date":"2022-01-18T10:35:21","date_gmt":"2022-01-18T08:35:21","guid":{"rendered":"http:\/\/107.6.182.27\/es\/?p=214883"},"modified":"2023-01-10T16:39:06","modified_gmt":"2023-01-10T14:39:06","slug":"asciende-a-12-la-cifra-de-muertos-por-la-agresion-saudi-contra-yemen","status":"publish","type":"post","link":"https:\/\/archive.sana.sy\/es\/?p=214883","title":{"rendered":"Asciende a 12 la cifra de muertos por la agresi\u00f3n saud\u00ed contra Yemen"},"content":{"rendered":"<p style=\"text-align: justify;\">San\u00e1, 18 ene (SANA)\u00a0 12 ciudadanos perdieron la vida y otros 11 resultaron heridos por bombardeos llevados a cabo por la coalici\u00f3n agresora liderada por Arabia Saud\u00ed contra el barrio libio del distrito de Main, en la provincia de San\u00e1.<\/p>\n<p style=\"text-align: justify;\">El comando de la Secretar\u00eda de la Capital, San\u00e1, conden\u00f3 en\u00e9rgicamente el crimen de bombardear la casa de un ciudadano.<\/p>\n<p style=\"text-align: justify;\">La agencia de noticias yemenita SABA cit\u00f3 a un dirigente diciendo que este crimen refleja el estado de histeria del agresor.<\/p>\n<p style=\"text-align: justify;\">Reiter\u00f3 el apoyo del pueblo de la capital a las acciones de las fuerzas armadas yemen\u00edes para disuadir a los agresores y neutralizar sus capacidades militares y econ\u00f3micas.<\/p>\n<p>ed\/fm<\/p>\n","protected":false},"excerpt":{"rendered":"<p>San\u00e1, 18 ene (SANA)\u00a0 12 ciudadanos perdieron la vida y otros 11 resultaron heridos por bombardeos llevados a cabo por la coalici\u00f3n agresora liderada por Arabia Saud\u00ed contra el barrio libio del distrito de Main, en la provincia de San\u00e1. El comando de la Secretar\u00eda de la Capital, San\u00e1, conden\u00f3 en\u00e9rgicamente el crimen de bombardear &hellip;<\/p>\n","protected":false},"author":32,"featured_media":214884,"comment_status":"closed","ping_status":"closed","sticky":false,"template":"","format":"standard","meta":{"footnotes":""},"categories":[597,456,7541],"tags":[1347,6304],"class_list":["post-214883","post","type-post","status-publish","format-standard","has-post-thumbnail","","category-cinta-de-noticias","category-arabe-internacional-politica","category-ultimas-noticias","tag-sana","tag-yemen"],"_links":{"self":[{"href":"https:\/\/archive.sana.sy\/es\/index.php?rest_route=\/wp\/v2\/posts\/214883"}],"collection":[{"href":"https:\/\/archive.sana.sy\/es\/index.php?rest_route=\/wp\/v2\/posts"}],"about":[{"href":"https:\/\/archive.sana.sy\/es\/index.php?rest_route=\/wp\/v2\/types\/post"}],"author":[{"embeddable":true,"href":"https:\/\/archive.sana.sy\/es\/index.php?rest_route=\/wp\/v2\/users\/32"}],"replies":[{"embeddable":true,"href":"https:\/\/archive.sana.sy\/es\/index.php?rest_route=%2Fwp%2Fv2%2Fcomments&post=214883"}],"version-history":[{"count":0,"href":"https:\/\/archive.sana.sy\/es\/index.php?rest_route=\/wp\/v2\/posts\/214883\/revisions"}],"wp:featuredmedia":[{"embeddable":true,"href":"https:\/\/archive.sana.sy\/es\/index.php?rest_route=\/wp\/v2\/media\/214884"}],"wp:attachment":[{"href":"https:\/\/archive.sana.sy\/es\/index.php?rest_route=%2Fwp%2Fv2%2Fmedia&parent=214883"}],"wp:term":[{"taxonomy":"category","embeddable":true,"href":"https:\/\/archive.sana.sy\/es\/index.php?rest_route=%2Fwp%2Fv2%2Fcategories&post=214883"},{"taxonomy":"post_tag","embeddable":true,"href":"https:\/\/archive.sana.sy\/es\/index.php?rest_route=%2Fwp%2Fv2%2Ftags&post=214883"}],"curies":[{"name":"wp","href":"https:\/\/api.w.org\/{rel}","templated":true}]}}