{"id":214931,"date":"2022-01-18T15:01:43","date_gmt":"2022-01-18T13:01:43","guid":{"rendered":"http:\/\/107.6.182.27\/es\/?p=214931"},"modified":"2023-01-10T14:21:14","modified_gmt":"2023-01-10T12:21:14","slug":"concluyo-proceso-de-reconciliacion-en-shemetieh-deir-ezzor","status":"publish","type":"post","link":"https:\/\/archive.sana.sy\/es\/?p=214931","title":{"rendered":"Concluy\u00f3 proceso de reconciliaci\u00f3n en Shemetieh\/Deir Ezzor"},"content":{"rendered":"<p style=\"text-align: justify;\"><span style=\"color: #800000;\"><strong>Deir Ezzor, 18 ene (SANA)<\/strong> <\/span>El centro de reconciliaci\u00f3n cerr\u00f3 sus puertas en la localidad de Shemetieh en la provincia oriental de Deir Ezzor.<\/p>\n<p style=\"text-align: justify;\">Seg\u00fan reportes del corresponsal de SANA, los comit\u00e9s de reconciliaci\u00f3n volver\u00e1n al centro establecido en la Sala Deportiva en la capital provincial Deir Ezzor.<\/p>\n<p style=\"text-align: justify;\">El proceso de reconciliaci\u00f3n en Deir Ezzor entra ya en su tercer mes donde m\u00e1s de 26,000 entre pr\u00f3fugos, militares fugitivos y armados se entregaron y fueron indultados.<\/p>\n<p style=\"text-align: justify;\">El Ej\u00e9rcito sirio ampli\u00f3 sus pol\u00edticas basadas en la reconciliaci\u00f3n para recuperar la normalidad en determinadas provincias y regiones sin recurrir a operaciones militares que podr\u00edan provocar p\u00e9rdidas materiales y de vidas humanas.<\/p>\n<p style=\"text-align: justify;\">fm\/ed<\/p>\n<div id='gallery-1' class='gallery galleryid-214931 gallery-columns-1 gallery-size-full'><figure class='gallery-item'>\n\t\t\t<div class='gallery-icon landscape'>\n\t\t\t\t<a href='https:\/\/archive.sana.sy\/es\/wp-content\/uploads\/2022\/01\/photo_2022-01-18_12-57-46-scaled.jpg'><img loading=\"lazy\" decoding=\"async\" width=\"2560\" height=\"1569\" src=\"https:\/\/archive.sana.sy\/es\/wp-content\/uploads\/2022\/01\/photo_2022-01-18_12-57-46-scaled.jpg\" class=\"attachment-full size-full\" alt=\"\" srcset=\"https:\/\/archive.sana.sy\/es\/wp-content\/uploads\/2022\/01\/photo_2022-01-18_12-57-46-scaled.jpg 2560w, https:\/\/archive.sana.sy\/es\/wp-content\/uploads\/2022\/01\/photo_2022-01-18_12-57-46-300x184.jpg 300w, https:\/\/archive.sana.sy\/es\/wp-content\/uploads\/2022\/01\/photo_2022-01-18_12-57-46-1024x627.jpg 1024w, https:\/\/archive.sana.sy\/es\/wp-content\/uploads\/2022\/01\/photo_2022-01-18_12-57-46-150x92.jpg 150w, https:\/\/archive.sana.sy\/es\/wp-content\/uploads\/2022\/01\/photo_2022-01-18_12-57-46-768x471.jpg 768w, https:\/\/archive.sana.sy\/es\/wp-content\/uploads\/2022\/01\/photo_2022-01-18_12-57-46-1536x941.jpg 1536w, https:\/\/archive.sana.sy\/es\/wp-content\/uploads\/2022\/01\/photo_2022-01-18_12-57-46-2048x1255.jpg 2048w\" sizes=\"(max-width: 2560px) 100vw, 2560px\" \/><\/a>\n\t\t\t<\/div><\/figure><figure class='gallery-item'>\n\t\t\t<div class='gallery-icon landscape'>\n\t\t\t\t<a href='https:\/\/archive.sana.sy\/es\/wp-content\/uploads\/2022\/01\/photo_2022-01-18_12-57-49-scaled.jpg'><img loading=\"lazy\" decoding=\"async\" width=\"2560\" height=\"1525\" src=\"https:\/\/archive.sana.sy\/es\/wp-content\/uploads\/2022\/01\/photo_2022-01-18_12-57-49-scaled.jpg\" class=\"attachment-full size-full\" alt=\"\" srcset=\"https:\/\/archive.sana.sy\/es\/wp-content\/uploads\/2022\/01\/photo_2022-01-18_12-57-49-scaled.jpg 2560w, https:\/\/archive.sana.sy\/es\/wp-content\/uploads\/2022\/01\/photo_2022-01-18_12-57-49-300x179.jpg 300w, https:\/\/archive.sana.sy\/es\/wp-content\/uploads\/2022\/01\/photo_2022-01-18_12-57-49-1024x610.jpg 1024w, https:\/\/archive.sana.sy\/es\/wp-content\/uploads\/2022\/01\/photo_2022-01-18_12-57-49-150x89.jpg 150w, https:\/\/archive.sana.sy\/es\/wp-content\/uploads\/2022\/01\/photo_2022-01-18_12-57-49-768x457.jpg 768w, https:\/\/archive.sana.sy\/es\/wp-content\/uploads\/2022\/01\/photo_2022-01-18_12-57-49-1536x915.jpg 1536w, https:\/\/archive.sana.sy\/es\/wp-content\/uploads\/2022\/01\/photo_2022-01-18_12-57-49-2048x1220.jpg 2048w\" sizes=\"(max-width: 2560px) 100vw, 2560px\" \/><\/a>\n\t\t\t<\/div><\/figure>\n\t\t<\/div>\n\n","protected":false},"excerpt":{"rendered":"<p>Deir Ezzor, 18 ene (SANA) El centro de reconciliaci\u00f3n cerr\u00f3 sus puertas en la localidad de Shemetieh en la provincia oriental de Deir Ezzor. Seg\u00fan reportes del corresponsal de SANA, los comit\u00e9s de reconciliaci\u00f3n volver\u00e1n al centro establecido en la Sala Deportiva en la capital provincial Deir Ezzor. El proceso de reconciliaci\u00f3n en Deir Ezzor &hellip;<\/p>\n","protected":false},"author":32,"featured_media":214935,"comment_status":"closed","ping_status":"closed","sticky":false,"template":"","format":"standard","meta":{"footnotes":""},"categories":[447,476,583],"tags":[7161,10402,20650],"class_list":["post-214931","post","type-post","status-publish","format-standard","has-post-thumbnail","","category-local-politica","category-locales","category-slide","tag-damasco","tag-deir-ezzor","tag-shemetieh"],"_links":{"self":[{"href":"https:\/\/archive.sana.sy\/es\/index.php?rest_route=\/wp\/v2\/posts\/214931"}],"collection":[{"href":"https:\/\/archive.sana.sy\/es\/index.php?rest_route=\/wp\/v2\/posts"}],"about":[{"href":"https:\/\/archive.sana.sy\/es\/index.php?rest_route=\/wp\/v2\/types\/post"}],"author":[{"embeddable":true,"href":"https:\/\/archive.sana.sy\/es\/index.php?rest_route=\/wp\/v2\/users\/32"}],"replies":[{"embeddable":true,"href":"https:\/\/archive.sana.sy\/es\/index.php?rest_route=%2Fwp%2Fv2%2Fcomments&post=214931"}],"version-history":[{"count":0,"href":"https:\/\/archive.sana.sy\/es\/index.php?rest_route=\/wp\/v2\/posts\/214931\/revisions"}],"wp:featuredmedia":[{"embeddable":true,"href":"https:\/\/archive.sana.sy\/es\/index.php?rest_route=\/wp\/v2\/media\/214935"}],"wp:attachment":[{"href":"https:\/\/archive.sana.sy\/es\/index.php?rest_route=%2Fwp%2Fv2%2Fmedia&parent=214931"}],"wp:term":[{"taxonomy":"category","embeddable":true,"href":"https:\/\/archive.sana.sy\/es\/index.php?rest_route=%2Fwp%2Fv2%2Fcategories&post=214931"},{"taxonomy":"post_tag","embeddable":true,"href":"https:\/\/archive.sana.sy\/es\/index.php?rest_route=%2Fwp%2Fv2%2Ftags&post=214931"}],"curies":[{"name":"wp","href":"https:\/\/api.w.org\/{rel}","templated":true}]}}