{"id":214936,"date":"2022-01-18T15:12:43","date_gmt":"2022-01-18T13:12:43","guid":{"rendered":"http:\/\/107.6.182.27\/es\/?p=214936"},"modified":"2022-01-18T15:15:25","modified_gmt":"2022-01-18T13:15:25","slug":"the-hill-el-discurso-de-violencia-aumenta-dentro-y-fuera-del-congreso-de-eeuu","status":"publish","type":"post","link":"https:\/\/archive.sana.sy\/es\/?p=214936","title":{"rendered":"The Hill: El discurso de violencia aumenta dentro y fuera del Congreso de EEUU"},"content":{"rendered":"<p style=\"text-align: justify;\"><strong><span style=\"color: #800000;\">Washington, 18 ene (SANA)<\/span> <\/strong>El diario estadounidense The Hill vio que el discurso violento en Estados Unidos aumenta a un ritmo acelerado, incluso dentro del Congreso y por parte de los propios legisladores, como Paul Gosar quien public\u00f3 a finales del a\u00f1o pasado un video animado en el que aparec\u00eda asesinando a la dem\u00f3crata Alexandria Cortez.<\/p>\n<p style=\"text-align: justify;\">El peri\u00f3dico se\u00f1al\u00f3 despu\u00e9s de m\u00e1s de un a\u00f1o de los sucesos de la toma del Congreso de EE.UU., las amenazas contra los congresistas aumentan en paralelo con un incremento en el nivel de la ret\u00f3rica violenta que circula en Internet, y que alcanz\u00f3 tasas sin precedentes de 9.600, seg\u00fan datos de la Polic\u00eda del Capitolio, superando las cifras del a\u00f1o 2020.<\/p>\n<p style=\"text-align: justify;\">Seg\u00fan el diario, estos peligros se reflejaron el jueves pasado cuando la polic\u00eda del Capitolio arrest\u00f3 a una mujer de Michigan que apareci\u00f3 frente a la sede del Congreso portando varias armas y hablaba sobre los hechos del asalto al Capitolio el 6 de enero de 2021.<\/p>\n<p style=\"text-align: justify;\">Recientemente, los llamados a la acci\u00f3n violenta contra los legisladores estadounidenses intensificaron en Internet, incluido un video pidi\u00f3 que los legisladores sean ahorcados frente a la Casa Blanca, y este video logr\u00f3 m\u00e1s de 60 mil visualizaciones.<\/p>\n<p style=\"text-align: justify;\">Ante las crecientes advertencias y temores sobre el crecimiento del terrorismo interno en Estados Unidos y el surgimiento de la extrema derecha, el fiscal federal adjunto Matthew Olsen reconoci\u00f3 que la amenaza que representan los extremistas locales que buscan cometer actos delictivos dentro del territorio estadounidense es cada vez mayor y se\u00f1al\u00f3 el motivo detr\u00e1s de ellos es racial o ideol\u00f3gico.<\/p>\n<p>fm\/ed<\/p>\n","protected":false},"excerpt":{"rendered":"<p>Washington, 18 ene (SANA) El diario estadounidense The Hill vio que el discurso violento en Estados Unidos aumenta a un ritmo acelerado, incluso dentro del Congreso y por parte de los propios legisladores, como Paul Gosar quien public\u00f3 a finales del a\u00f1o pasado un video animado en el que aparec\u00eda asesinando a la dem\u00f3crata Alexandria &hellip;<\/p>\n","protected":false},"author":32,"featured_media":214939,"comment_status":"closed","ping_status":"closed","sticky":false,"template":"","format":"standard","meta":{"footnotes":""},"categories":[597,456,583],"tags":[7132,20651],"class_list":["post-214936","post","type-post","status-publish","format-standard","has-post-thumbnail","","category-cinta-de-noticias","category-arabe-internacional-politica","category-slide","tag-eeuu","tag-the-hill"],"_links":{"self":[{"href":"https:\/\/archive.sana.sy\/es\/index.php?rest_route=\/wp\/v2\/posts\/214936"}],"collection":[{"href":"https:\/\/archive.sana.sy\/es\/index.php?rest_route=\/wp\/v2\/posts"}],"about":[{"href":"https:\/\/archive.sana.sy\/es\/index.php?rest_route=\/wp\/v2\/types\/post"}],"author":[{"embeddable":true,"href":"https:\/\/archive.sana.sy\/es\/index.php?rest_route=\/wp\/v2\/users\/32"}],"replies":[{"embeddable":true,"href":"https:\/\/archive.sana.sy\/es\/index.php?rest_route=%2Fwp%2Fv2%2Fcomments&post=214936"}],"version-history":[{"count":0,"href":"https:\/\/archive.sana.sy\/es\/index.php?rest_route=\/wp\/v2\/posts\/214936\/revisions"}],"wp:featuredmedia":[{"embeddable":true,"href":"https:\/\/archive.sana.sy\/es\/index.php?rest_route=\/wp\/v2\/media\/214939"}],"wp:attachment":[{"href":"https:\/\/archive.sana.sy\/es\/index.php?rest_route=%2Fwp%2Fv2%2Fmedia&parent=214936"}],"wp:term":[{"taxonomy":"category","embeddable":true,"href":"https:\/\/archive.sana.sy\/es\/index.php?rest_route=%2Fwp%2Fv2%2Fcategories&post=214936"},{"taxonomy":"post_tag","embeddable":true,"href":"https:\/\/archive.sana.sy\/es\/index.php?rest_route=%2Fwp%2Fv2%2Ftags&post=214936"}],"curies":[{"name":"wp","href":"https:\/\/api.w.org\/{rel}","templated":true}]}}