{"id":21500,"date":"2015-04-17T22:43:47","date_gmt":"2015-04-17T19:43:47","guid":{"rendered":"http:\/\/www.sana.sy\/es\/?p=21500"},"modified":"2015-04-17T22:59:12","modified_gmt":"2015-04-17T19:59:12","slug":"concierto-solidario-a-favor-de-los-ninos-de-siria","status":"publish","type":"post","link":"https:\/\/archive.sana.sy\/es\/?p=21500","title":{"rendered":"Concierto solidario a favor de  los ni\u00f1os de Siria"},"content":{"rendered":"<p style=\"text-align: justify\"><span style=\"color: #0000ff\">Praga-SANA<\/span><\/p>\n<p>Un concierto ben\u00e9fico se celebr\u00f3 en la Iglesia de la Virgen Mar\u00eda en la ciudad de Dubi en la Rep\u00fablica Checa para apoyar a los ni\u00f1os de Siria como parte de una serie de eventos patrocinados por la Embajada de Siria en Praga y las autoridades locales.<\/p>\n<p>Por su parte, la coordinadora del concierto Marketa Daitzva\u00a0 dijo durante la ceremonia de apertura: &#8220;Siria, que es un s\u00edmbolo de la armon\u00eda y la interacci\u00f3n creativa entre sus ingredientes sociales se enfrenta\u00a0 hoy en d\u00eda con el terrorismo organizado, que trajo tragedias a este pa\u00eds\u00a0 que posee de una riqu\u00edsima historia&#8221;.<\/p>\n<p><span style=\"color: #800000\">M.Miri, Riad.Sh<\/span><\/p>\n","protected":false},"excerpt":{"rendered":"<p>Praga-SANA Un concierto ben\u00e9fico se celebr\u00f3 en la Iglesia de la Virgen Mar\u00eda en la ciudad de Dubi en la Rep\u00fablica Checa para apoyar a los ni\u00f1os de Siria como parte de una serie de eventos patrocinados por la Embajada de Siria en Praga y las autoridades locales. Por su parte, la coordinadora del concierto &hellip;<\/p>\n","protected":false},"author":1,"featured_media":21501,"comment_status":"closed","ping_status":"closed","sticky":false,"template":"","format":"standard","meta":{"footnotes":""},"categories":[1],"tags":[4904],"class_list":["post-21500","post","type-post","status-publish","format-standard","has-post-thumbnail","","category-news-not-sorted","tag-concierto-solidario-a-favor-de-los-ninos-de-siria"],"_links":{"self":[{"href":"https:\/\/archive.sana.sy\/es\/index.php?rest_route=\/wp\/v2\/posts\/21500"}],"collection":[{"href":"https:\/\/archive.sana.sy\/es\/index.php?rest_route=\/wp\/v2\/posts"}],"about":[{"href":"https:\/\/archive.sana.sy\/es\/index.php?rest_route=\/wp\/v2\/types\/post"}],"author":[{"embeddable":true,"href":"https:\/\/archive.sana.sy\/es\/index.php?rest_route=\/wp\/v2\/users\/1"}],"replies":[{"embeddable":true,"href":"https:\/\/archive.sana.sy\/es\/index.php?rest_route=%2Fwp%2Fv2%2Fcomments&post=21500"}],"version-history":[{"count":0,"href":"https:\/\/archive.sana.sy\/es\/index.php?rest_route=\/wp\/v2\/posts\/21500\/revisions"}],"wp:featuredmedia":[{"embeddable":true,"href":"https:\/\/archive.sana.sy\/es\/index.php?rest_route=\/wp\/v2\/media\/21501"}],"wp:attachment":[{"href":"https:\/\/archive.sana.sy\/es\/index.php?rest_route=%2Fwp%2Fv2%2Fmedia&parent=21500"}],"wp:term":[{"taxonomy":"category","embeddable":true,"href":"https:\/\/archive.sana.sy\/es\/index.php?rest_route=%2Fwp%2Fv2%2Fcategories&post=21500"},{"taxonomy":"post_tag","embeddable":true,"href":"https:\/\/archive.sana.sy\/es\/index.php?rest_route=%2Fwp%2Fv2%2Ftags&post=21500"}],"curies":[{"name":"wp","href":"https:\/\/api.w.org\/{rel}","templated":true}]}}