{"id":215029,"date":"2022-01-18T22:02:56","date_gmt":"2022-01-18T20:02:56","guid":{"rendered":"http:\/\/107.6.182.27\/es\/?p=215029"},"modified":"2023-01-10T16:39:06","modified_gmt":"2023-01-10T14:39:06","slug":"mueren-cinco-civiles-en-bombardeos-de-la-agresion-saudi-en-yemen","status":"publish","type":"post","link":"https:\/\/archive.sana.sy\/es\/?p=215029","title":{"rendered":"Mueren cinco civiles en bombardeos de la agresi\u00f3n saud\u00ed en Yemen"},"content":{"rendered":"<p style=\"text-align: justify;\"><strong><span style=\"color: #800000;\">San\u00e1, 18 ene (SANA<\/span><\/strong><span style=\"color: #800000;\">)<\/span> Cinco yemen\u00edes, incluido un ni\u00f1o, perdieron la vida este martes como resultado de una redada lanzada aviones de combate de la agresi\u00f3n liderada por Arabia Saudita contra un autom\u00f3vil en el distrito de Harib de la gobernaci\u00f3n de Marib.<\/p>\n<p style=\"text-align: justify;\">&#8220;Aviones de guerra del r\u00e9gimen saud\u00ed tuvieron como blanco autom\u00f3vil en el distrito de Harib, lo que provoc\u00f3 la muerte de su conductor y dos de sus hijos, adem\u00e1s de otros dos que estaban a bordo&#8221;, inform\u00f3 la agencia yemen\u00ed de noticias SABA.<\/p>\n<p style=\"text-align: justify;\">El pasado lunes, la agresi\u00f3n saud\u00ed cometi\u00f3 una masacre al bombardear el barrio residencial de al-Libi en el distrito de Ma\u2019in de la gobernaci\u00f3n de Sana\u2019a, que se sald\u00f3 con 12 m\u00e1rtires y 11 heridos.<\/p>\n<p>&nbsp;<\/p>\n<p>mm<\/p>\n","protected":false},"excerpt":{"rendered":"<p>San\u00e1, 18 ene (SANA) Cinco yemen\u00edes, incluido un ni\u00f1o, perdieron la vida este martes como resultado de una redada lanzada aviones de combate de la agresi\u00f3n liderada por Arabia Saudita contra un autom\u00f3vil en el distrito de Harib de la gobernaci\u00f3n de Marib. &#8220;Aviones de guerra del r\u00e9gimen saud\u00ed tuvieron como blanco autom\u00f3vil en el &hellip;<\/p>\n","protected":false},"author":36,"featured_media":215030,"comment_status":"closed","ping_status":"closed","sticky":false,"template":"","format":"standard","meta":{"footnotes":""},"categories":[597,456,457],"tags":[],"class_list":["post-215029","post","type-post","status-publish","format-standard","has-post-thumbnail","","category-cinta-de-noticias","category-arabe-internacional-politica","category-noticias-arabe-internacional-politica"],"_links":{"self":[{"href":"https:\/\/archive.sana.sy\/es\/index.php?rest_route=\/wp\/v2\/posts\/215029"}],"collection":[{"href":"https:\/\/archive.sana.sy\/es\/index.php?rest_route=\/wp\/v2\/posts"}],"about":[{"href":"https:\/\/archive.sana.sy\/es\/index.php?rest_route=\/wp\/v2\/types\/post"}],"author":[{"embeddable":true,"href":"https:\/\/archive.sana.sy\/es\/index.php?rest_route=\/wp\/v2\/users\/36"}],"replies":[{"embeddable":true,"href":"https:\/\/archive.sana.sy\/es\/index.php?rest_route=%2Fwp%2Fv2%2Fcomments&post=215029"}],"version-history":[{"count":0,"href":"https:\/\/archive.sana.sy\/es\/index.php?rest_route=\/wp\/v2\/posts\/215029\/revisions"}],"wp:featuredmedia":[{"embeddable":true,"href":"https:\/\/archive.sana.sy\/es\/index.php?rest_route=\/wp\/v2\/media\/215030"}],"wp:attachment":[{"href":"https:\/\/archive.sana.sy\/es\/index.php?rest_route=%2Fwp%2Fv2%2Fmedia&parent=215029"}],"wp:term":[{"taxonomy":"category","embeddable":true,"href":"https:\/\/archive.sana.sy\/es\/index.php?rest_route=%2Fwp%2Fv2%2Fcategories&post=215029"},{"taxonomy":"post_tag","embeddable":true,"href":"https:\/\/archive.sana.sy\/es\/index.php?rest_route=%2Fwp%2Fv2%2Ftags&post=215029"}],"curies":[{"name":"wp","href":"https:\/\/api.w.org\/{rel}","templated":true}]}}