{"id":215147,"date":"2022-01-19T19:24:08","date_gmt":"2022-01-19T17:24:08","guid":{"rendered":"http:\/\/107.6.182.27\/es\/?p=215147"},"modified":"2023-01-10T15:13:15","modified_gmt":"2023-01-10T13:13:15","slug":"siria-y-el-libano-abordan-mecanismos-de-impulsar-cooperacion-en-el-sector-de-agricultura","status":"publish","type":"post","link":"https:\/\/archive.sana.sy\/es\/?p=215147","title":{"rendered":"Siria y el L\u00edbano abordan mecanismos de impulsar cooperaci\u00f3n en el sector de agricultura"},"content":{"rendered":"<p style=\"text-align: justify\"><strong><span style=\"color: #800000\">Damasco, 19 ene (SANA)<\/span> <\/strong>El ministro de Agricultura y Reforma Agraria, Muhammad Hassan Qatna, debati\u00f3 hoy con su par liban\u00e9s, Dr. Abbas Hajj Hassan, los mecanismos para la comercializaci\u00f3n de los productos agr\u00edcolas de los dos pa\u00edses.<\/p>\n<p style=\"text-align: justify\">Durante una reuni\u00f3n celebrada hoy en la sede del Ministerio de Agricultura en Damasco, las dos partes destacaron la importancia de apoyar el proceso de integraci\u00f3n entre los pa\u00edses vecinos para lograr la seguridad alimentaria \u00e1rabe, as\u00ed como abordaron la posibilidad de intercambiar experiencias que permitan el desarrollo de la producci\u00f3n agr\u00edcola en los dos pa\u00edses.<\/p>\n<p style=\"text-align: justify\">En una declaraci\u00f3n a la prensa, el ministro sirio enfatiz\u00f3 la necesidad de trabajar para facilitar el intercambio de los productos agr\u00edcolas entre Siria y el L\u00edbano.<\/p>\n<p style=\"text-align: justify\">El titular de Agricultura liban\u00e9s explic\u00f3 que en la reuni\u00f3n se discuti\u00f3 la importaci\u00f3n y exportaci\u00f3n, especialmente de los c\u00edtricos, banano y hortalizas, hecho que aportar\u00e1 beneficio a los agricultores de los dos pa\u00edses hermanos.<\/p>\n<p style=\"text-align: justify\">Asimismo fueron abordados los mecanismos para la reducci\u00f3n de las tarifas de tr\u00e1nsito, agreg\u00f3 el ministro Hajja Hassan.<\/p>\n<p style=\"text-align: justify\">la<\/p>\n","protected":false},"excerpt":{"rendered":"<p>Damasco, 19 ene (SANA) El ministro de Agricultura y Reforma Agraria, Muhammad Hassan Qatna, debati\u00f3 hoy con su par liban\u00e9s, Dr. Abbas Hajj Hassan, los mecanismos para la comercializaci\u00f3n de los productos agr\u00edcolas de los dos pa\u00edses. Durante una reuni\u00f3n celebrada hoy en la sede del Ministerio de Agricultura en Damasco, las dos partes destacaron &hellip;<\/p>\n","protected":false},"author":24,"featured_media":215148,"comment_status":"closed","ping_status":"closed","sticky":false,"template":"","format":"standard","meta":{"footnotes":""},"categories":[597,16686,485,7541],"tags":[],"class_list":["post-215147","post","type-post","status-publish","format-standard","has-post-thumbnail","","category-cinta-de-noticias","category-economia","category-informes-negocios-y-finanzas","category-ultimas-noticias"],"_links":{"self":[{"href":"https:\/\/archive.sana.sy\/es\/index.php?rest_route=\/wp\/v2\/posts\/215147"}],"collection":[{"href":"https:\/\/archive.sana.sy\/es\/index.php?rest_route=\/wp\/v2\/posts"}],"about":[{"href":"https:\/\/archive.sana.sy\/es\/index.php?rest_route=\/wp\/v2\/types\/post"}],"author":[{"embeddable":true,"href":"https:\/\/archive.sana.sy\/es\/index.php?rest_route=\/wp\/v2\/users\/24"}],"replies":[{"embeddable":true,"href":"https:\/\/archive.sana.sy\/es\/index.php?rest_route=%2Fwp%2Fv2%2Fcomments&post=215147"}],"version-history":[{"count":0,"href":"https:\/\/archive.sana.sy\/es\/index.php?rest_route=\/wp\/v2\/posts\/215147\/revisions"}],"wp:featuredmedia":[{"embeddable":true,"href":"https:\/\/archive.sana.sy\/es\/index.php?rest_route=\/wp\/v2\/media\/215148"}],"wp:attachment":[{"href":"https:\/\/archive.sana.sy\/es\/index.php?rest_route=%2Fwp%2Fv2%2Fmedia&parent=215147"}],"wp:term":[{"taxonomy":"category","embeddable":true,"href":"https:\/\/archive.sana.sy\/es\/index.php?rest_route=%2Fwp%2Fv2%2Fcategories&post=215147"},{"taxonomy":"post_tag","embeddable":true,"href":"https:\/\/archive.sana.sy\/es\/index.php?rest_route=%2Fwp%2Fv2%2Ftags&post=215147"}],"curies":[{"name":"wp","href":"https:\/\/api.w.org\/{rel}","templated":true}]}}