{"id":215153,"date":"2022-01-19T20:35:26","date_gmt":"2022-01-19T18:35:26","guid":{"rendered":"http:\/\/107.6.182.27\/es\/?p=215153"},"modified":"2023-01-10T16:39:05","modified_gmt":"2023-01-10T14:39:05","slug":"la-ocupacion-israeli-demuele-otra-casa-palestina-al-sur-de-hebron","status":"publish","type":"post","link":"https:\/\/archive.sana.sy\/es\/?p=215153","title":{"rendered":"La ocupaci\u00f3n israel\u00ed demuele otra casa palestina al sur de Hebr\u00f3n"},"content":{"rendered":"<p style=\"text-align: justify;\"><strong><span style=\"color: #800000;\">Jerusal\u00e9n ocupada, 19 ene (SANA)\u00a0 \u00a0<\/span><\/strong>Las fuerzas de ocupaci\u00f3n israel\u00edes demolieron hoy miercoles, una casa en la localidad de Al Ramadeen, al sur de Hebr\u00f3n, en Cisjordania.<\/p>\n<p style=\"text-align: justify;\">Fuentes locales informaron a la agencia palestina de prensa WAFA que las excavadoras del ejercito de la ocupaci\u00f3n israel\u00ed allanaron el poblado y demolieron la casa de una familia de cinco miembros, incluidos ni\u00f1os.<\/p>\n<p style=\"text-align: justify;\">Tal hecho se repite todos los d\u00edas bajo argumentos inventados por la ocupaci\u00f3n israel\u00ed y que violan todas las legislaciones internacionales. El mundo se dedica a guardar silencio, mientras Israel avanza con la destrucci\u00f3n de las casas y la confiscaci\u00f3n de las tierras palestinas.<\/p>\n<p><em>mm<\/em><\/p>\n","protected":false},"excerpt":{"rendered":"<p>Jerusal\u00e9n ocupada, 19 ene (SANA)\u00a0 \u00a0Las fuerzas de ocupaci\u00f3n israel\u00edes demolieron hoy miercoles, una casa en la localidad de Al Ramadeen, al sur de Hebr\u00f3n, en Cisjordania. Fuentes locales informaron a la agencia palestina de prensa WAFA que las excavadoras del ejercito de la ocupaci\u00f3n israel\u00ed allanaron el poblado y demolieron la casa de una &hellip;<\/p>\n","protected":false},"author":36,"featured_media":215156,"comment_status":"closed","ping_status":"closed","sticky":false,"template":"","format":"standard","meta":{"footnotes":""},"categories":[597,456,457],"tags":[],"class_list":["post-215153","post","type-post","status-publish","format-standard","has-post-thumbnail","","category-cinta-de-noticias","category-arabe-internacional-politica","category-noticias-arabe-internacional-politica"],"_links":{"self":[{"href":"https:\/\/archive.sana.sy\/es\/index.php?rest_route=\/wp\/v2\/posts\/215153"}],"collection":[{"href":"https:\/\/archive.sana.sy\/es\/index.php?rest_route=\/wp\/v2\/posts"}],"about":[{"href":"https:\/\/archive.sana.sy\/es\/index.php?rest_route=\/wp\/v2\/types\/post"}],"author":[{"embeddable":true,"href":"https:\/\/archive.sana.sy\/es\/index.php?rest_route=\/wp\/v2\/users\/36"}],"replies":[{"embeddable":true,"href":"https:\/\/archive.sana.sy\/es\/index.php?rest_route=%2Fwp%2Fv2%2Fcomments&post=215153"}],"version-history":[{"count":0,"href":"https:\/\/archive.sana.sy\/es\/index.php?rest_route=\/wp\/v2\/posts\/215153\/revisions"}],"wp:featuredmedia":[{"embeddable":true,"href":"https:\/\/archive.sana.sy\/es\/index.php?rest_route=\/wp\/v2\/media\/215156"}],"wp:attachment":[{"href":"https:\/\/archive.sana.sy\/es\/index.php?rest_route=%2Fwp%2Fv2%2Fmedia&parent=215153"}],"wp:term":[{"taxonomy":"category","embeddable":true,"href":"https:\/\/archive.sana.sy\/es\/index.php?rest_route=%2Fwp%2Fv2%2Fcategories&post=215153"},{"taxonomy":"post_tag","embeddable":true,"href":"https:\/\/archive.sana.sy\/es\/index.php?rest_route=%2Fwp%2Fv2%2Ftags&post=215153"}],"curies":[{"name":"wp","href":"https:\/\/api.w.org\/{rel}","templated":true}]}}