{"id":215167,"date":"2022-01-19T20:45:16","date_gmt":"2022-01-19T18:45:16","guid":{"rendered":"http:\/\/107.6.182.27\/es\/?p=215167"},"modified":"2023-01-10T14:21:13","modified_gmt":"2023-01-10T12:21:13","slug":"argelia-invertira-en-los-sectores-farmaceuticos-y-textiles-de-siria-afirma-el-embajador-tohamy","status":"publish","type":"post","link":"https:\/\/archive.sana.sy\/es\/?p=215167","title":{"rendered":"Argelia invertir\u00e1 en los sectores farmac\u00e9uticos y textiles de Siria, afirma el embajador Tohamy"},"content":{"rendered":"<p style=\"text-align: justify;\"><span style=\"color: #800000;\"><strong>Damasco, 19 ene (SANA)<\/strong><\/span> El Comit\u00e9 de Hermandad Siria-Argelina de la Asamblea del Pueblo se reuni\u00f3 este mi\u00e9rcoles con el embajador de Argelia en Damasco, Lhasan Tohamy, donde ambas partes debatieron las distintas perspectivas de cooperaci\u00f3n y las formas de impulsarlas.<\/p>\n<p style=\"text-align: justify;\">El presidente y los miembros del Comit\u00e9 destacaron la importancia de fortalecer las relaciones econ\u00f3micas binacionales y animar a los empresarios argelinos para invertir en Siria.<\/p>\n<p style=\"text-align: justify;\">Expresaron su esperanza de que los parlamentarios sirios y argelinos intercambien m\u00e1s visitas lo que redundar\u00e1 en el beneficio de ambas naciones.<\/p>\n<p style=\"text-align: justify;\">Por su parte, el Embajador Tohamy reiter\u00f3 el pleno apoyo de Argelia a Siria en todos los foros internacionales, y su rechazo a cualquier injerencia externa en sus asuntos internos, enfatizando que la soluci\u00f3n de la crisis en el pa\u00eds levantino le corresponde solo al pueblo sirio.<\/p>\n<p style=\"text-align: justify;\">Hizo hincapi\u00e9 en la necesidad de que Siria vuelva a desempe\u00f1ar su protagonismo en el mundo \u00e1rabe.<\/p>\n<p style=\"text-align: justify;\">Aludi\u00f3 a la posibilidad de establecer alianzas argelino-sirias en los sectores textiles y farmac\u00e9uticos, afirm\u00f3 la disposici\u00f3n de las empresas argelinas a contribuir en la reconstrucci\u00f3n de Siria.<\/p>\n<p style=\"text-align: justify;\">la<\/p>\n","protected":false},"excerpt":{"rendered":"<p>Damasco, 19 ene (SANA) El Comit\u00e9 de Hermandad Siria-Argelina de la Asamblea del Pueblo se reuni\u00f3 este mi\u00e9rcoles con el embajador de Argelia en Damasco, Lhasan Tohamy, donde ambas partes debatieron las distintas perspectivas de cooperaci\u00f3n y las formas de impulsarlas. El presidente y los miembros del Comit\u00e9 destacaron la importancia de fortalecer las relaciones &hellip;<\/p>\n","protected":false},"author":24,"featured_media":215168,"comment_status":"closed","ping_status":"closed","sticky":false,"template":"","format":"standard","meta":{"footnotes":""},"categories":[447,597,467,7541],"tags":[],"class_list":["post-215167","post","type-post","status-publish","format-standard","has-post-thumbnail","","category-local-politica","category-cinta-de-noticias","category-siria-y-el-mundo","category-ultimas-noticias"],"_links":{"self":[{"href":"https:\/\/archive.sana.sy\/es\/index.php?rest_route=\/wp\/v2\/posts\/215167"}],"collection":[{"href":"https:\/\/archive.sana.sy\/es\/index.php?rest_route=\/wp\/v2\/posts"}],"about":[{"href":"https:\/\/archive.sana.sy\/es\/index.php?rest_route=\/wp\/v2\/types\/post"}],"author":[{"embeddable":true,"href":"https:\/\/archive.sana.sy\/es\/index.php?rest_route=\/wp\/v2\/users\/24"}],"replies":[{"embeddable":true,"href":"https:\/\/archive.sana.sy\/es\/index.php?rest_route=%2Fwp%2Fv2%2Fcomments&post=215167"}],"version-history":[{"count":0,"href":"https:\/\/archive.sana.sy\/es\/index.php?rest_route=\/wp\/v2\/posts\/215167\/revisions"}],"wp:featuredmedia":[{"embeddable":true,"href":"https:\/\/archive.sana.sy\/es\/index.php?rest_route=\/wp\/v2\/media\/215168"}],"wp:attachment":[{"href":"https:\/\/archive.sana.sy\/es\/index.php?rest_route=%2Fwp%2Fv2%2Fmedia&parent=215167"}],"wp:term":[{"taxonomy":"category","embeddable":true,"href":"https:\/\/archive.sana.sy\/es\/index.php?rest_route=%2Fwp%2Fv2%2Fcategories&post=215167"},{"taxonomy":"post_tag","embeddable":true,"href":"https:\/\/archive.sana.sy\/es\/index.php?rest_route=%2Fwp%2Fv2%2Ftags&post=215167"}],"curies":[{"name":"wp","href":"https:\/\/api.w.org\/{rel}","templated":true}]}}