{"id":21536,"date":"2015-04-18T16:02:41","date_gmt":"2015-04-18T13:02:41","guid":{"rendered":"http:\/\/www.sana.sy\/es\/?p=21536"},"modified":"2023-01-10T15:29:10","modified_gmt":"2023-01-10T13:29:10","slug":"siria-aspira-ocupar-el-primer-lugar-en-la-vii-edicion-de-la-feria-internacional-de-flores-de-bagdad","status":"publish","type":"post","link":"https:\/\/archive.sana.sy\/es\/?p=21536","title":{"rendered":"Siria aspira ocupar el primer lugar en la VII edici\u00f3n de la Feria Internacional de Flores de Bagdad"},"content":{"rendered":"<p><span style=\"color: #800000\">Bagdad, SANA<\/span><\/p>\n<p>Con la participaci\u00f3n de Siria contin\u00faan las actividades de la VII edici\u00f3n de la Feria Internacional de Flores de Bagdad que hab\u00eda iniciado el 15 del mes en curso en el parque de Zuraa en la capital iraqu\u00ed.<\/p>\n<p>La feria durar\u00e1 una semana y contar\u00e1 con la participaci\u00f3n de Siria, Egipto, Sud\u00e1n, Estados Unidos, Holanda, Turqu\u00eda, Italia y Alemania.<\/p>\n<p>Entrevistado por la agencia SANA, el presidente de la Federaci\u00f3n Siria de los Exportadores, Mohamad al-Sawah se\u00f1al\u00f3 que el continuo apoyo del Gobierno a la industria nacional ha contribuido a buscar nuevos canales para la exportaci\u00f3n de los productos sirios al exterior. En este contexto resalt\u00f3 la importancia de las ferias internacionales en hacer la promoci\u00f3n de los productos a fin de exportarlas a continuaci\u00f3n.<\/p>\n<p>Asimismo a\u00f1adi\u00f3 que la participaci\u00f3n de Siria en la feria de Bagdad demuestra que este pa\u00eds contin\u00faa con la producci\u00f3n pese a la guerra mundial librada en su contra.<\/p>\n<p>Por su parte, el miembro del Comit\u00e9 de Asuntos de Agricultura de la Federaci\u00f3n, Mohamad al-Shaabani afirm\u00f3 que el pabell\u00f3n sirio ha presenciado desde el primer d\u00eda una gran concurrencia, haciendo hincapi\u00e9 en que los sirios participantes en la feria aspiran ocupar el primer lugar en la misma igual que el a\u00f1o pasado.<br \/>\nLynn A.<\/p>\n","protected":false},"excerpt":{"rendered":"<p>Bagdad, SANA Con la participaci\u00f3n de Siria contin\u00faan las actividades de la VII edici\u00f3n de la Feria Internacional de Flores de Bagdad que hab\u00eda iniciado el 15 del mes en curso en el parque de Zuraa en la capital iraqu\u00ed. La feria durar\u00e1 una semana y contar\u00e1 con la participaci\u00f3n de Siria, Egipto, Sud\u00e1n, Estados &hellip;<\/p>\n","protected":false},"author":24,"featured_media":21537,"comment_status":"closed","ping_status":"closed","sticky":false,"template":"","format":"standard","meta":{"footnotes":""},"categories":[447,485],"tags":[4911],"class_list":["post-21536","post","type-post","status-publish","format-standard","has-post-thumbnail","","category-local-politica","category-informes-negocios-y-finanzas","tag-siria-aspira-ocupar-el-primer-lugar-en-la-vii-edicion-de-la-feria-internacional-de-flores-de-bagdad"],"_links":{"self":[{"href":"https:\/\/archive.sana.sy\/es\/index.php?rest_route=\/wp\/v2\/posts\/21536"}],"collection":[{"href":"https:\/\/archive.sana.sy\/es\/index.php?rest_route=\/wp\/v2\/posts"}],"about":[{"href":"https:\/\/archive.sana.sy\/es\/index.php?rest_route=\/wp\/v2\/types\/post"}],"author":[{"embeddable":true,"href":"https:\/\/archive.sana.sy\/es\/index.php?rest_route=\/wp\/v2\/users\/24"}],"replies":[{"embeddable":true,"href":"https:\/\/archive.sana.sy\/es\/index.php?rest_route=%2Fwp%2Fv2%2Fcomments&post=21536"}],"version-history":[{"count":0,"href":"https:\/\/archive.sana.sy\/es\/index.php?rest_route=\/wp\/v2\/posts\/21536\/revisions"}],"wp:featuredmedia":[{"embeddable":true,"href":"https:\/\/archive.sana.sy\/es\/index.php?rest_route=\/wp\/v2\/media\/21537"}],"wp:attachment":[{"href":"https:\/\/archive.sana.sy\/es\/index.php?rest_route=%2Fwp%2Fv2%2Fmedia&parent=21536"}],"wp:term":[{"taxonomy":"category","embeddable":true,"href":"https:\/\/archive.sana.sy\/es\/index.php?rest_route=%2Fwp%2Fv2%2Fcategories&post=21536"},{"taxonomy":"post_tag","embeddable":true,"href":"https:\/\/archive.sana.sy\/es\/index.php?rest_route=%2Fwp%2Fv2%2Ftags&post=21536"}],"curies":[{"name":"wp","href":"https:\/\/api.w.org\/{rel}","templated":true}]}}