{"id":215477,"date":"2022-01-22T12:53:38","date_gmt":"2022-01-22T10:53:38","guid":{"rendered":"http:\/\/107.6.182.27\/es\/?p=215477"},"modified":"2023-01-10T14:21:09","modified_gmt":"2023-01-10T12:21:09","slug":"masivo-desplazamiento-de-lugarenos-del-barrio-ghueran-en-hasakeh","status":"publish","type":"post","link":"https:\/\/archive.sana.sy\/es\/?p=215477","title":{"rendered":"Masivo desplazamiento de lugare\u00f1os del barrio Ghueran en Hasakeh"},"content":{"rendered":"<p style=\"text-align: justify;\"><span style=\"color: #800000;\"><strong>Hasakeh , 22 ene (SANA)\u00a0<\/strong><\/span> El barrio Ghueran en la ciudad de Hasakeh fue testigo de un gran movimiento de desplazamiento este s\u00e1bado despu\u00e9s de que sus residentes recibieran advertencias y amenazas de la milicia proestadounidense Fuerzas Democr\u00e1ticas sirias (FDS) de evacuar sus hogares de inmediato.<\/p>\n<p style=\"text-align: justify;\">Esto ocurre al mismo tiempo en que contin\u00faan los enfrentamientos entre integrantes de esa milicia y terroristas de Daesh en cercan\u00edas de la prisi\u00f3n \u201cAl-Sinaha\u201d.<\/p>\n<p style=\"text-align: justify;\">El jueves pasado, terroristas de la organizaci\u00f3n terrorista Daesh detonaron dos coches bomba en las entradas de la referida prisi\u00f3n controlada por la milicia separatista (FDS) afiliada a las fuerzas de ocupaci\u00f3n estadounidenses, mientras aviones de combate del ocupante estadounidense destruyeron el viernes por completo el edificio del Instituto Polit\u00e9cnico en la ciudad nororiental siria de Hasakeh.<\/p>\n<p style=\"text-align: justify;\"><em>ws\/fm\/sm<\/em><\/p>\n<div id='gallery-1' class='gallery galleryid-215477 gallery-columns-1 gallery-size-full'><figure class='gallery-item'>\n\t\t\t<div class='gallery-icon landscape'>\n\t\t\t\t<a href='https:\/\/archive.sana.sy\/es\/?attachment_id=215479'><img loading=\"lazy\" decoding=\"async\" width=\"2560\" height=\"1535\" src=\"https:\/\/archive.sana.sy\/es\/wp-content\/uploads\/2022\/01\/3-2-3-scaled.jpg\" class=\"attachment-full size-full\" alt=\"\" srcset=\"https:\/\/archive.sana.sy\/es\/wp-content\/uploads\/2022\/01\/3-2-3-scaled.jpg 2560w, https:\/\/archive.sana.sy\/es\/wp-content\/uploads\/2022\/01\/3-2-3-300x180.jpg 300w, https:\/\/archive.sana.sy\/es\/wp-content\/uploads\/2022\/01\/3-2-3-1024x614.jpg 1024w, https:\/\/archive.sana.sy\/es\/wp-content\/uploads\/2022\/01\/3-2-3-150x90.jpg 150w, https:\/\/archive.sana.sy\/es\/wp-content\/uploads\/2022\/01\/3-2-3-768x460.jpg 768w, https:\/\/archive.sana.sy\/es\/wp-content\/uploads\/2022\/01\/3-2-3-1536x921.jpg 1536w, https:\/\/archive.sana.sy\/es\/wp-content\/uploads\/2022\/01\/3-2-3-2048x1228.jpg 2048w\" sizes=\"(max-width: 2560px) 100vw, 2560px\" \/><\/a>\n\t\t\t<\/div><\/figure><figure class='gallery-item'>\n\t\t\t<div class='gallery-icon landscape'>\n\t\t\t\t<a href='https:\/\/archive.sana.sy\/es\/?attachment_id=215481'><img loading=\"lazy\" decoding=\"async\" width=\"2560\" height=\"1664\" src=\"https:\/\/archive.sana.sy\/es\/wp-content\/uploads\/2022\/01\/3-8-2-scaled.jpg\" class=\"attachment-full size-full\" alt=\"\" srcset=\"https:\/\/archive.sana.sy\/es\/wp-content\/uploads\/2022\/01\/3-8-2-scaled.jpg 2560w, https:\/\/archive.sana.sy\/es\/wp-content\/uploads\/2022\/01\/3-8-2-300x195.jpg 300w, https:\/\/archive.sana.sy\/es\/wp-content\/uploads\/2022\/01\/3-8-2-1024x666.jpg 1024w, https:\/\/archive.sana.sy\/es\/wp-content\/uploads\/2022\/01\/3-8-2-150x98.jpg 150w, https:\/\/archive.sana.sy\/es\/wp-content\/uploads\/2022\/01\/3-8-2-768x499.jpg 768w, https:\/\/archive.sana.sy\/es\/wp-content\/uploads\/2022\/01\/3-8-2-1536x998.jpg 1536w, https:\/\/archive.sana.sy\/es\/wp-content\/uploads\/2022\/01\/3-8-2-2048x1331.jpg 2048w\" sizes=\"(max-width: 2560px) 100vw, 2560px\" \/><\/a>\n\t\t\t<\/div><\/figure><figure class='gallery-item'>\n\t\t\t<div class='gallery-icon landscape'>\n\t\t\t\t<a href='https:\/\/archive.sana.sy\/es\/?attachment_id=215480'><img loading=\"lazy\" decoding=\"async\" width=\"2560\" height=\"1598\" src=\"https:\/\/archive.sana.sy\/es\/wp-content\/uploads\/2022\/01\/3-6-2-scaled.jpg\" class=\"attachment-full size-full\" alt=\"\" srcset=\"https:\/\/archive.sana.sy\/es\/wp-content\/uploads\/2022\/01\/3-6-2-scaled.jpg 2560w, https:\/\/archive.sana.sy\/es\/wp-content\/uploads\/2022\/01\/3-6-2-300x187.jpg 300w, https:\/\/archive.sana.sy\/es\/wp-content\/uploads\/2022\/01\/3-6-2-1024x639.jpg 1024w, https:\/\/archive.sana.sy\/es\/wp-content\/uploads\/2022\/01\/3-6-2-150x94.jpg 150w, https:\/\/archive.sana.sy\/es\/wp-content\/uploads\/2022\/01\/3-6-2-768x479.jpg 768w, https:\/\/archive.sana.sy\/es\/wp-content\/uploads\/2022\/01\/3-6-2-1536x959.jpg 1536w, https:\/\/archive.sana.sy\/es\/wp-content\/uploads\/2022\/01\/3-6-2-2048x1278.jpg 2048w\" sizes=\"(max-width: 2560px) 100vw, 2560px\" \/><\/a>\n\t\t\t<\/div><\/figure><figure class='gallery-item'>\n\t\t\t<div class='gallery-icon landscape'>\n\t\t\t\t<a href='https:\/\/archive.sana.sy\/es\/?attachment_id=215483'><img loading=\"lazy\" decoding=\"async\" width=\"2560\" height=\"1506\" src=\"https:\/\/archive.sana.sy\/es\/wp-content\/uploads\/2022\/01\/photo_2022-01-22_12-42-51-scaled.jpg\" class=\"attachment-full size-full\" alt=\"\" srcset=\"https:\/\/archive.sana.sy\/es\/wp-content\/uploads\/2022\/01\/photo_2022-01-22_12-42-51-scaled.jpg 2560w, https:\/\/archive.sana.sy\/es\/wp-content\/uploads\/2022\/01\/photo_2022-01-22_12-42-51-300x176.jpg 300w, https:\/\/archive.sana.sy\/es\/wp-content\/uploads\/2022\/01\/photo_2022-01-22_12-42-51-1024x602.jpg 1024w, https:\/\/archive.sana.sy\/es\/wp-content\/uploads\/2022\/01\/photo_2022-01-22_12-42-51-150x88.jpg 150w, https:\/\/archive.sana.sy\/es\/wp-content\/uploads\/2022\/01\/photo_2022-01-22_12-42-51-768x452.jpg 768w, https:\/\/archive.sana.sy\/es\/wp-content\/uploads\/2022\/01\/photo_2022-01-22_12-42-51-1536x903.jpg 1536w, https:\/\/archive.sana.sy\/es\/wp-content\/uploads\/2022\/01\/photo_2022-01-22_12-42-51-2048x1205.jpg 2048w\" sizes=\"(max-width: 2560px) 100vw, 2560px\" \/><\/a>\n\t\t\t<\/div><\/figure><figure class='gallery-item'>\n\t\t\t<div class='gallery-icon landscape'>\n\t\t\t\t<a href='https:\/\/archive.sana.sy\/es\/?attachment_id=215482'><img loading=\"lazy\" decoding=\"async\" width=\"2560\" height=\"1687\" src=\"https:\/\/archive.sana.sy\/es\/wp-content\/uploads\/2022\/01\/3-11-2-scaled.jpg\" class=\"attachment-full size-full\" alt=\"\" srcset=\"https:\/\/archive.sana.sy\/es\/wp-content\/uploads\/2022\/01\/3-11-2-scaled.jpg 2560w, https:\/\/archive.sana.sy\/es\/wp-content\/uploads\/2022\/01\/3-11-2-300x198.jpg 300w, https:\/\/archive.sana.sy\/es\/wp-content\/uploads\/2022\/01\/3-11-2-1024x675.jpg 1024w, https:\/\/archive.sana.sy\/es\/wp-content\/uploads\/2022\/01\/3-11-2-150x99.jpg 150w, https:\/\/archive.sana.sy\/es\/wp-content\/uploads\/2022\/01\/3-11-2-768x506.jpg 768w, https:\/\/archive.sana.sy\/es\/wp-content\/uploads\/2022\/01\/3-11-2-1536x1012.jpg 1536w, https:\/\/archive.sana.sy\/es\/wp-content\/uploads\/2022\/01\/3-11-2-2048x1350.jpg 2048w, https:\/\/archive.sana.sy\/es\/wp-content\/uploads\/2022\/01\/3-11-2-310x205.jpg 310w\" sizes=\"(max-width: 2560px) 100vw, 2560px\" \/><\/a>\n\t\t\t<\/div><\/figure>\n\t\t<\/div>\n\n","protected":false},"excerpt":{"rendered":"<p>Hasakeh , 22 ene (SANA)\u00a0 El barrio Ghueran en la ciudad de Hasakeh fue testigo de un gran movimiento de desplazamiento este s\u00e1bado despu\u00e9s de que sus residentes recibieran advertencias y amenazas de la milicia proestadounidense Fuerzas Democr\u00e1ticas sirias (FDS) de evacuar sus hogares de inmediato. Esto ocurre al mismo tiempo en que contin\u00faan los &hellip;<\/p>\n","protected":false},"author":39,"featured_media":215488,"comment_status":"closed","ping_status":"closed","sticky":false,"template":"","format":"standard","meta":{"footnotes":""},"categories":[447,477,597,573,476,457,583],"tags":[],"class_list":["post-215477","post","type-post","status-publish","format-standard","has-post-thumbnail","","category-local-politica","category-noticias-edulcorantes","category-cinta-de-noticias","category-la-realidad-de-los-acontecimientos-en-siria","category-locales","category-noticias-arabe-internacional-politica","category-slide"],"_links":{"self":[{"href":"https:\/\/archive.sana.sy\/es\/index.php?rest_route=\/wp\/v2\/posts\/215477"}],"collection":[{"href":"https:\/\/archive.sana.sy\/es\/index.php?rest_route=\/wp\/v2\/posts"}],"about":[{"href":"https:\/\/archive.sana.sy\/es\/index.php?rest_route=\/wp\/v2\/types\/post"}],"author":[{"embeddable":true,"href":"https:\/\/archive.sana.sy\/es\/index.php?rest_route=\/wp\/v2\/users\/39"}],"replies":[{"embeddable":true,"href":"https:\/\/archive.sana.sy\/es\/index.php?rest_route=%2Fwp%2Fv2%2Fcomments&post=215477"}],"version-history":[{"count":0,"href":"https:\/\/archive.sana.sy\/es\/index.php?rest_route=\/wp\/v2\/posts\/215477\/revisions"}],"wp:featuredmedia":[{"embeddable":true,"href":"https:\/\/archive.sana.sy\/es\/index.php?rest_route=\/wp\/v2\/media\/215488"}],"wp:attachment":[{"href":"https:\/\/archive.sana.sy\/es\/index.php?rest_route=%2Fwp%2Fv2%2Fmedia&parent=215477"}],"wp:term":[{"taxonomy":"category","embeddable":true,"href":"https:\/\/archive.sana.sy\/es\/index.php?rest_route=%2Fwp%2Fv2%2Fcategories&post=215477"},{"taxonomy":"post_tag","embeddable":true,"href":"https:\/\/archive.sana.sy\/es\/index.php?rest_route=%2Fwp%2Fv2%2Ftags&post=215477"}],"curies":[{"name":"wp","href":"https:\/\/api.w.org\/{rel}","templated":true}]}}