{"id":215485,"date":"2022-01-22T13:06:58","date_gmt":"2022-01-22T11:06:58","guid":{"rendered":"http:\/\/107.6.182.27\/es\/?p=215485"},"modified":"2023-01-10T14:21:08","modified_gmt":"2023-01-10T12:21:08","slug":"civiles-sirios-caen-martires-o-heridos-por-bombardeos-turcos-contra-el-campo-de-raqa","status":"publish","type":"post","link":"https:\/\/archive.sana.sy\/es\/?p=215485","title":{"rendered":"Civiles sirios caen m\u00e1rtires o heridos por bombardeos turcos contra el campo de Raqa"},"content":{"rendered":"<p style=\"text-align: justify;\"><span style=\"color: #800000;\"><strong>Raqa, 22 ene (SANA)\u00a0<\/strong><\/span> Varios civiles cayeron m\u00e1rtires y otros resultaron heridos como resultado de los ataques con artiller\u00eda de la ocupaci\u00f3n turca y sus mercenarios en la aldea de Al-Hadriyat en el campo norte de la provincia de Raqa.<\/p>\n<p style=\"text-align: justify;\">Activistas locales informaron a SANA que las tropas de ocupaci\u00f3n turcas y sus t\u00edteres terroristas bombardearon ferozmente la referida aldea, lo que provoc\u00f3 la muerte y lesi\u00f3n de varios civiles y da\u00f1os en las propiedades p\u00fablicas y privadas.<\/p>\n<p style=\"text-align: justify;\">Los activistas se\u00f1alaron que la ocupaci\u00f3n turca y sus mercenarios terroristas pretenden lanzar un ataque a gran escala contra Ain Isa en el campo de dicha provincia.<\/p>\n<p style=\"text-align: justify;\"><em>sm\/fm<\/em><\/p>\n","protected":false},"excerpt":{"rendered":"<p>Raqa, 22 ene (SANA)\u00a0 Varios civiles cayeron m\u00e1rtires y otros resultaron heridos como resultado de los ataques con artiller\u00eda de la ocupaci\u00f3n turca y sus mercenarios en la aldea de Al-Hadriyat en el campo norte de la provincia de Raqa. Activistas locales informaron a SANA que las tropas de ocupaci\u00f3n turcas y sus t\u00edteres terroristas &hellip;<\/p>\n","protected":false},"author":39,"featured_media":215490,"comment_status":"closed","ping_status":"closed","sticky":false,"template":"","format":"standard","meta":{"footnotes":""},"categories":[447,477,597,573,476,457,7541],"tags":[],"class_list":["post-215485","post","type-post","status-publish","format-standard","has-post-thumbnail","","category-local-politica","category-noticias-edulcorantes","category-cinta-de-noticias","category-la-realidad-de-los-acontecimientos-en-siria","category-locales","category-noticias-arabe-internacional-politica","category-ultimas-noticias"],"_links":{"self":[{"href":"https:\/\/archive.sana.sy\/es\/index.php?rest_route=\/wp\/v2\/posts\/215485"}],"collection":[{"href":"https:\/\/archive.sana.sy\/es\/index.php?rest_route=\/wp\/v2\/posts"}],"about":[{"href":"https:\/\/archive.sana.sy\/es\/index.php?rest_route=\/wp\/v2\/types\/post"}],"author":[{"embeddable":true,"href":"https:\/\/archive.sana.sy\/es\/index.php?rest_route=\/wp\/v2\/users\/39"}],"replies":[{"embeddable":true,"href":"https:\/\/archive.sana.sy\/es\/index.php?rest_route=%2Fwp%2Fv2%2Fcomments&post=215485"}],"version-history":[{"count":0,"href":"https:\/\/archive.sana.sy\/es\/index.php?rest_route=\/wp\/v2\/posts\/215485\/revisions"}],"wp:featuredmedia":[{"embeddable":true,"href":"https:\/\/archive.sana.sy\/es\/index.php?rest_route=\/wp\/v2\/media\/215490"}],"wp:attachment":[{"href":"https:\/\/archive.sana.sy\/es\/index.php?rest_route=%2Fwp%2Fv2%2Fmedia&parent=215485"}],"wp:term":[{"taxonomy":"category","embeddable":true,"href":"https:\/\/archive.sana.sy\/es\/index.php?rest_route=%2Fwp%2Fv2%2Fcategories&post=215485"},{"taxonomy":"post_tag","embeddable":true,"href":"https:\/\/archive.sana.sy\/es\/index.php?rest_route=%2Fwp%2Fv2%2Ftags&post=215485"}],"curies":[{"name":"wp","href":"https:\/\/api.w.org\/{rel}","templated":true}]}}