{"id":215505,"date":"2022-01-22T13:00:14","date_gmt":"2022-01-22T11:00:14","guid":{"rendered":"http:\/\/107.6.182.27\/es\/?p=215505"},"modified":"2022-01-22T14:55:59","modified_gmt":"2022-01-22T12:55:59","slug":"presencia-de-las-fuerzas-estadounidenses-en-siria-es-ocupacion-afirman-analistas-eslovacos","status":"publish","type":"post","link":"https:\/\/archive.sana.sy\/es\/?p=215505","title":{"rendered":"Presencia de las fuerzas estadounidenses en Siria es \u201cocupaci\u00f3n\u201d, afirman analistas eslovacos"},"content":{"rendered":"<p style=\"text-align: justify;\"><span style=\"color: #800000;\"><strong>Bratislava, 22 ene (SANA)<\/strong><\/span>\u00a0 El analista pol\u00edtico eslovaco, Branislav Fabri, critic\u00f3 la presencia continua de las fuerzas estadounidenses en parte del territorio sirio y destac\u00f3 que se trata de una &#8220;ocupaci\u00f3n&#8221; y una presencia &#8220;ilegal&#8221;.<\/p>\n<p style=\"text-align: justify;\">Fabri explic\u00f3 en una entrevista de prensa que EEUU viola el derecho internacional, desconoce la soberan\u00eda de los estados y pisotea los derechos humanos, ya que tiene la mayor responsabilidad en la escalada de tensi\u00f3n en el mundo.<br \/>\nPor su parte, el analista de seguridad Franti\u0161ek Shkfaranda, asegur\u00f3 la responsabilidad que tiene de EEUU por la inseguridad reinante en el mundo, y se\u00f1al\u00f3 que en los \u00faltimos a\u00f1os Washington ha cometido una flagrante violaci\u00f3n del derecho internacional bajo diversos pretextos.<\/p>\n<p style=\"text-align: justify;\">En una entrevista a la agencia rusa Sputnik en versi\u00f3n checa, agreg\u00f3 que las mentiras de EEUU se palparon durante el bombardeo de Yugoslavia en 1999, el ataque a Afganist\u00e1n en 2001, la invasi\u00f3n de Irak en 2003 y al apovecharse de la zona de exclusi\u00f3n a\u00e9rea sobre Libia en 2011, y luego el ataque a Siria en 2014 con el pretexto de luchar contra la organizaci\u00f3n (Daesh).<\/p>\n<p style=\"text-align: justify;\"><em>sm\/rsh<\/em><\/p>\n","protected":false},"excerpt":{"rendered":"<p>Bratislava, 22 ene (SANA)\u00a0 El analista pol\u00edtico eslovaco, Branislav Fabri, critic\u00f3 la presencia continua de las fuerzas estadounidenses en parte del territorio sirio y destac\u00f3 que se trata de una &#8220;ocupaci\u00f3n&#8221; y una presencia &#8220;ilegal&#8221;. Fabri explic\u00f3 en una entrevista de prensa que EEUU viola el derecho internacional, desconoce la soberan\u00eda de los estados y &hellip;<\/p>\n","protected":false},"author":39,"featured_media":215506,"comment_status":"closed","ping_status":"closed","sticky":false,"template":"","format":"standard","meta":{"footnotes":""},"categories":[597,457,467,7541],"tags":[],"class_list":["post-215505","post","type-post","status-publish","format-standard","has-post-thumbnail","","category-cinta-de-noticias","category-noticias-arabe-internacional-politica","category-siria-y-el-mundo","category-ultimas-noticias"],"_links":{"self":[{"href":"https:\/\/archive.sana.sy\/es\/index.php?rest_route=\/wp\/v2\/posts\/215505"}],"collection":[{"href":"https:\/\/archive.sana.sy\/es\/index.php?rest_route=\/wp\/v2\/posts"}],"about":[{"href":"https:\/\/archive.sana.sy\/es\/index.php?rest_route=\/wp\/v2\/types\/post"}],"author":[{"embeddable":true,"href":"https:\/\/archive.sana.sy\/es\/index.php?rest_route=\/wp\/v2\/users\/39"}],"replies":[{"embeddable":true,"href":"https:\/\/archive.sana.sy\/es\/index.php?rest_route=%2Fwp%2Fv2%2Fcomments&post=215505"}],"version-history":[{"count":0,"href":"https:\/\/archive.sana.sy\/es\/index.php?rest_route=\/wp\/v2\/posts\/215505\/revisions"}],"wp:featuredmedia":[{"embeddable":true,"href":"https:\/\/archive.sana.sy\/es\/index.php?rest_route=\/wp\/v2\/media\/215506"}],"wp:attachment":[{"href":"https:\/\/archive.sana.sy\/es\/index.php?rest_route=%2Fwp%2Fv2%2Fmedia&parent=215505"}],"wp:term":[{"taxonomy":"category","embeddable":true,"href":"https:\/\/archive.sana.sy\/es\/index.php?rest_route=%2Fwp%2Fv2%2Fcategories&post=215505"},{"taxonomy":"post_tag","embeddable":true,"href":"https:\/\/archive.sana.sy\/es\/index.php?rest_route=%2Fwp%2Fv2%2Ftags&post=215505"}],"curies":[{"name":"wp","href":"https:\/\/api.w.org\/{rel}","templated":true}]}}