{"id":215514,"date":"2022-01-22T16:38:56","date_gmt":"2022-01-22T14:38:56","guid":{"rendered":"http:\/\/107.6.182.27\/es\/?p=215514"},"modified":"2022-01-22T16:51:48","modified_gmt":"2022-01-22T14:51:48","slug":"continua-proceso-de-reconciliacion-en-deir-ezzor-y-raqa","status":"publish","type":"post","link":"https:\/\/archive.sana.sy\/es\/?p=215514","title":{"rendered":"Contin\u00faa proceso de reconciliaci\u00f3n en Deir Ezzor y Raqa"},"content":{"rendered":"<p style=\"text-align: justify;\"><strong>D<span style=\"color: #800000;\">eir Ezzor, 22 ene (SANA)\u00a0 <\/span><\/strong>El proceso de reconciliaci\u00f3n integral continu\u00f3 en la capital provincial de Deir Ezzor y en la localidad de al-Sabkha en el campo oriental de la provincia Raqa.<\/p>\n<p style=\"text-align: justify;\">El proceso incluye la concesi\u00f3n de amnist\u00eda a los pr\u00f3fugos y militares fugitivos que deponen sus armas o se entregan al ej\u00e9rcito.<\/p>\n<p style=\"text-align: justify;\">El reportero de SANA se\u00f1al\u00f3 que decenas de personas acudieron a ambos centros para normalizar su estatus a pesar de los obst\u00e1culos y las medidas arbitrarias tomadas por la milicia (FDS) contra los residentes en la regi\u00f3n de Yazira.<\/p>\n<p style=\"text-align: justify;\"><em>sm\/rsh<\/em><\/p>\n<figure id=\"attachment_215516\" aria-describedby=\"caption-attachment-215516\" style=\"width: 2560px\" class=\"wp-caption alignnone\"><img loading=\"lazy\" decoding=\"async\" class=\"size-full wp-image-215516\" src=\"http:\/\/107.6.182.27\/es\/wp-content\/uploads\/2022\/01\/photo_2022-01-22_14-14-53-scaled.jpg\" alt=\"\" width=\"2560\" height=\"1790\" srcset=\"https:\/\/archive.sana.sy\/es\/wp-content\/uploads\/2022\/01\/photo_2022-01-22_14-14-53-scaled.jpg 2560w, https:\/\/archive.sana.sy\/es\/wp-content\/uploads\/2022\/01\/photo_2022-01-22_14-14-53-300x210.jpg 300w, https:\/\/archive.sana.sy\/es\/wp-content\/uploads\/2022\/01\/photo_2022-01-22_14-14-53-1024x716.jpg 1024w, https:\/\/archive.sana.sy\/es\/wp-content\/uploads\/2022\/01\/photo_2022-01-22_14-14-53-150x105.jpg 150w, https:\/\/archive.sana.sy\/es\/wp-content\/uploads\/2022\/01\/photo_2022-01-22_14-14-53-768x537.jpg 768w, https:\/\/archive.sana.sy\/es\/wp-content\/uploads\/2022\/01\/photo_2022-01-22_14-14-53-1536x1074.jpg 1536w, https:\/\/archive.sana.sy\/es\/wp-content\/uploads\/2022\/01\/photo_2022-01-22_14-14-53-2048x1432.jpg 2048w\" sizes=\"(max-width: 2560px) 100vw, 2560px\" \/><figcaption id=\"caption-attachment-215516\" class=\"wp-caption-text\">Al-sabkha\/Raqa<\/figcaption><\/figure>\n<p style=\"text-align: justify;\">\n<figure id=\"attachment_215522\" aria-describedby=\"caption-attachment-215522\" style=\"width: 2560px\" class=\"wp-caption alignnone\"><img loading=\"lazy\" decoding=\"async\" class=\"size-full wp-image-215522\" src=\"http:\/\/107.6.182.27\/es\/wp-content\/uploads\/2022\/01\/photo_2022-01-22_13-51-35-3-scaled.jpg\" alt=\"\" width=\"2560\" height=\"1434\" srcset=\"https:\/\/archive.sana.sy\/es\/wp-content\/uploads\/2022\/01\/photo_2022-01-22_13-51-35-3-scaled.jpg 2560w, https:\/\/archive.sana.sy\/es\/wp-content\/uploads\/2022\/01\/photo_2022-01-22_13-51-35-3-300x168.jpg 300w, https:\/\/archive.sana.sy\/es\/wp-content\/uploads\/2022\/01\/photo_2022-01-22_13-51-35-3-1024x573.jpg 1024w, https:\/\/archive.sana.sy\/es\/wp-content\/uploads\/2022\/01\/photo_2022-01-22_13-51-35-3-150x84.jpg 150w, https:\/\/archive.sana.sy\/es\/wp-content\/uploads\/2022\/01\/photo_2022-01-22_13-51-35-3-768x430.jpg 768w, https:\/\/archive.sana.sy\/es\/wp-content\/uploads\/2022\/01\/photo_2022-01-22_13-51-35-3-1536x860.jpg 1536w, https:\/\/archive.sana.sy\/es\/wp-content\/uploads\/2022\/01\/photo_2022-01-22_13-51-35-3-2048x1147.jpg 2048w\" sizes=\"(max-width: 2560px) 100vw, 2560px\" \/><figcaption id=\"caption-attachment-215522\" class=\"wp-caption-text\">Deir Ezzor<\/figcaption><\/figure>\n","protected":false},"excerpt":{"rendered":"<p>Deir Ezzor, 22 ene (SANA)\u00a0 El proceso de reconciliaci\u00f3n integral continu\u00f3 en la capital provincial de Deir Ezzor y en la localidad de al-Sabkha en el campo oriental de la provincia Raqa. El proceso incluye la concesi\u00f3n de amnist\u00eda a los pr\u00f3fugos y militares fugitivos que deponen sus armas o se entregan al ej\u00e9rcito. El &hellip;<\/p>\n","protected":false},"author":39,"featured_media":215515,"comment_status":"closed","ping_status":"closed","sticky":false,"template":"","format":"standard","meta":{"footnotes":""},"categories":[447,477,597,573,476,457,7541],"tags":[],"class_list":["post-215514","post","type-post","status-publish","format-standard","has-post-thumbnail","","category-local-politica","category-noticias-edulcorantes","category-cinta-de-noticias","category-la-realidad-de-los-acontecimientos-en-siria","category-locales","category-noticias-arabe-internacional-politica","category-ultimas-noticias"],"_links":{"self":[{"href":"https:\/\/archive.sana.sy\/es\/index.php?rest_route=\/wp\/v2\/posts\/215514"}],"collection":[{"href":"https:\/\/archive.sana.sy\/es\/index.php?rest_route=\/wp\/v2\/posts"}],"about":[{"href":"https:\/\/archive.sana.sy\/es\/index.php?rest_route=\/wp\/v2\/types\/post"}],"author":[{"embeddable":true,"href":"https:\/\/archive.sana.sy\/es\/index.php?rest_route=\/wp\/v2\/users\/39"}],"replies":[{"embeddable":true,"href":"https:\/\/archive.sana.sy\/es\/index.php?rest_route=%2Fwp%2Fv2%2Fcomments&post=215514"}],"version-history":[{"count":0,"href":"https:\/\/archive.sana.sy\/es\/index.php?rest_route=\/wp\/v2\/posts\/215514\/revisions"}],"wp:featuredmedia":[{"embeddable":true,"href":"https:\/\/archive.sana.sy\/es\/index.php?rest_route=\/wp\/v2\/media\/215515"}],"wp:attachment":[{"href":"https:\/\/archive.sana.sy\/es\/index.php?rest_route=%2Fwp%2Fv2%2Fmedia&parent=215514"}],"wp:term":[{"taxonomy":"category","embeddable":true,"href":"https:\/\/archive.sana.sy\/es\/index.php?rest_route=%2Fwp%2Fv2%2Fcategories&post=215514"},{"taxonomy":"post_tag","embeddable":true,"href":"https:\/\/archive.sana.sy\/es\/index.php?rest_route=%2Fwp%2Fv2%2Ftags&post=215514"}],"curies":[{"name":"wp","href":"https:\/\/api.w.org\/{rel}","templated":true}]}}