{"id":215518,"date":"2022-01-22T16:41:14","date_gmt":"2022-01-22T14:41:14","guid":{"rendered":"http:\/\/107.6.182.27\/es\/?p=215518"},"modified":"2023-01-10T14:21:08","modified_gmt":"2023-01-10T12:21:08","slug":"siria-exige-respuesta-internacional-ante-catastrofe-humanitaria-provocada-por-eeuu-y-su-milicia-fds","status":"publish","type":"post","link":"https:\/\/archive.sana.sy\/es\/?p=215518","title":{"rendered":"Siria exige respuesta internacional ante cat\u00e1strofe humanitaria provocada por EEUU y su milicia FDS"},"content":{"rendered":"<p style=\"text-align: justify;\"><span style=\"color: #800000;\"><strong>Damasco, 22 ene (SANA)\u00a0<\/strong> <\/span>Siria ratific\u00f3 hoy su condena a las acciones que provocaron el desplazamiento de miles de ciudadanos sirios en la provincia de Hasakeh y exigi\u00f3 la retirada de las fuerzas estadounidenses del noreste de Siria y de las fuerzas turcas del noroeste del pa\u00eds.<\/p>\n<p style=\"text-align: justify;\">En un comunicado emitido hoy, el Ministerio de Exteriores consider\u00f3 que las acciones cometidas por las fuerzas estadounidenses y su milicia Fuerzas Democr\u00e1ticas de Siria (FDS) equivalen a cr\u00edmenes de guerra y lesa humanidad.<\/p>\n<p style=\"text-align: justify;\">De igual manera, la Canciller\u00eda aclar\u00f3 que la guerra contra el terrorismo no es s\u00f3lo propaganda medi\u00e1tica y falsas posturas que se lanzan en foros y discursos internacionales, sino que la guerra contra el terrorismo debe ser posturas sinceras que no toleran interpretaci\u00f3n, doble moral, hipocres\u00eda pol\u00edtica, ni el env\u00edo de terroristas de un lugar a otro para servir a fines pol\u00edticos y militares.<\/p>\n<p style=\"text-align: justify;\">Las fuerzas del Ej\u00e9rcito \u00c1rabe Sirio y sus aliados han demostrado que lo que hicieron en su guerra contra el terrorismo es lo que llev\u00f3 a la liberaci\u00f3n de la mayor\u00eda de los territorios sirios de sus cr\u00edmenes, y que quienes tratan con terroristas son los estadounidenses quienes le dan instrucciones para implementar sus pol\u00edticas desestabilizadoras en Siria y otros pa\u00edses de la regi\u00f3n.<\/p>\n<p style=\"text-align: justify;\">La declaraci\u00f3n hace un llamado a las organizaciones de las Naciones Unidas y a todos los dem\u00e1s organismos humanitarios para que brinden toda forma de ayuda a miles de familias sirias que se vieron obligadas a huir de sus residencias y estar ahora desalojados en medios de duras condiciones clim\u00e1ticas.<\/p>\n<p style=\"text-align: justify;\">Asimismo, pidi\u00f3 al Consejo de Seguridad que cumpla con sus responsabilidades en el mantenimiento de la paz y la seguridad internacionales y proteger a civiles inocentes en el norte y noreste de Siria y ayudar a enfrentar esta nueva cat\u00e1strofe humanitaria antes de que se agudice.<\/p>\n<p style=\"text-align: justify;\"><em>fm\/sm<\/em><\/p>\n","protected":false},"excerpt":{"rendered":"<p>Damasco, 22 ene (SANA)\u00a0 Siria ratific\u00f3 hoy su condena a las acciones que provocaron el desplazamiento de miles de ciudadanos sirios en la provincia de Hasakeh y exigi\u00f3 la retirada de las fuerzas estadounidenses del noreste de Siria y de las fuerzas turcas del noroeste del pa\u00eds. En un comunicado emitido hoy, el Ministerio de &hellip;<\/p>\n","protected":false},"author":39,"featured_media":215521,"comment_status":"closed","ping_status":"closed","sticky":false,"template":"","format":"standard","meta":{"footnotes":""},"categories":[477,447,597,573,457,583],"tags":[],"class_list":["post-215518","post","type-post","status-publish","format-standard","has-post-thumbnail","","category-noticias-edulcorantes","category-local-politica","category-cinta-de-noticias","category-la-realidad-de-los-acontecimientos-en-siria","category-noticias-arabe-internacional-politica","category-slide"],"_links":{"self":[{"href":"https:\/\/archive.sana.sy\/es\/index.php?rest_route=\/wp\/v2\/posts\/215518"}],"collection":[{"href":"https:\/\/archive.sana.sy\/es\/index.php?rest_route=\/wp\/v2\/posts"}],"about":[{"href":"https:\/\/archive.sana.sy\/es\/index.php?rest_route=\/wp\/v2\/types\/post"}],"author":[{"embeddable":true,"href":"https:\/\/archive.sana.sy\/es\/index.php?rest_route=\/wp\/v2\/users\/39"}],"replies":[{"embeddable":true,"href":"https:\/\/archive.sana.sy\/es\/index.php?rest_route=%2Fwp%2Fv2%2Fcomments&post=215518"}],"version-history":[{"count":0,"href":"https:\/\/archive.sana.sy\/es\/index.php?rest_route=\/wp\/v2\/posts\/215518\/revisions"}],"wp:featuredmedia":[{"embeddable":true,"href":"https:\/\/archive.sana.sy\/es\/index.php?rest_route=\/wp\/v2\/media\/215521"}],"wp:attachment":[{"href":"https:\/\/archive.sana.sy\/es\/index.php?rest_route=%2Fwp%2Fv2%2Fmedia&parent=215518"}],"wp:term":[{"taxonomy":"category","embeddable":true,"href":"https:\/\/archive.sana.sy\/es\/index.php?rest_route=%2Fwp%2Fv2%2Fcategories&post=215518"},{"taxonomy":"post_tag","embeddable":true,"href":"https:\/\/archive.sana.sy\/es\/index.php?rest_route=%2Fwp%2Fv2%2Ftags&post=215518"}],"curies":[{"name":"wp","href":"https:\/\/api.w.org\/{rel}","templated":true}]}}