{"id":215532,"date":"2022-01-22T16:30:33","date_gmt":"2022-01-22T14:30:33","guid":{"rendered":"http:\/\/107.6.182.27\/es\/?p=215532"},"modified":"2022-01-23T16:48:11","modified_gmt":"2022-01-23T14:48:11","slug":"la-historia-del-lecho-de-la-hija-del-rey-un-monumento-en-la-antigua-ciudad-siria-de-bosra-fotos","status":"publish","type":"post","link":"https:\/\/archive.sana.sy\/es\/?p=215532","title":{"rendered":"La historia del \u201cLecho de la Hija del Rey\u201d, un monumento en la antigua ciudad siria de Bosra (+fotos)"},"content":{"rendered":"<p style=\"text-align: justify;\"><span style=\"color: #800000;\"><strong>Deraa, 22 ene (SANA)\u00a0 <\/strong><\/span>La antigua ciudad de Bosra, ubicada en la provincia sure\u00f1a de Deraa a unos 100 kil\u00f3metros al sur de la capital Damasco e inscrita en la lista del Patrimonio de la Humanidad de la UNESCO desde 1980, es sitio arqueol\u00f3gico importante que tiene ruinas de la \u00e9poca romana y bizantina, y antig\u00fcedades del per\u00edodo isl\u00e1mico temprano, adem\u00e1s de poseer un rico patrimonio cultural e hist\u00f3rico.<\/p>\n<p style=\"text-align: justify;\">Entre sus m\u00e1s famosos monumentos es el \u201cLecho de la hija del Rey\u201d, cuya construcci\u00f3n data del siglo I d.C., y es uno de los monumentos arqueol\u00f3gicas m\u00e1s importantes de la ciudad, y se caracteriza por sus piedras negras y sus enormes columnas.<\/p>\n<p style=\"text-align: justify;\"><span style=\"color: #0000ff;\"><strong>Historia de su construcci\u00f3n:<\/strong><\/span><\/p>\n<p style=\"text-align: justify;\">\u00c9rase una vez en el reino de Bosra una vidente que le dijo al rey que su \u00fanica hija a quien amaba m\u00e1s que nadie, iba a morir en su vig\u00e9simo cumplea\u00f1os por la picadura de un escorpi\u00f3n.<\/p>\n<p style=\"text-align: justify;\">Desde que escuch\u00f3 esta adivinaci\u00f3n, el rey orden\u00f3 que le construyera una cama colocada en el aire, tan alta como pudiera alcanzar el alba\u00f1il m\u00e1s h\u00e1bil, pero la altura de la cama no pudo proteger a la princesa de su destino cuando solicit\u00f3 de sus siervas que le trajeran uvas, para descubrir luego que un escorpi\u00f3n estaba dentro de uno de los racimos y la pic\u00f3 y la hija del rey muri\u00f3.<\/p>\n<p style=\"text-align: justify;\">Lamentablemente, la cama de la hija del rey fue destruida el 23 de octubre de 2012 por la guerra terrorista impuesta a Siria.<\/p>\n<p style=\"text-align: justify;\"><em>ws\/fm\/sm<\/em><\/p>\n<div id='gallery-1' class='gallery galleryid-215532 gallery-columns-1 gallery-size-full'><figure class='gallery-item'>\n\t\t\t<div class='gallery-icon landscape'>\n\t\t\t\t<a href='https:\/\/archive.sana.sy\/es\/?attachment_id=215534'><img loading=\"lazy\" decoding=\"async\" width=\"720\" height=\"540\" src=\"https:\/\/archive.sana.sy\/es\/wp-content\/uploads\/2022\/01\/photo_2022-01-22_17-22-46.jpg\" class=\"attachment-full size-full\" alt=\"\" srcset=\"https:\/\/archive.sana.sy\/es\/wp-content\/uploads\/2022\/01\/photo_2022-01-22_17-22-46.jpg 720w, https:\/\/archive.sana.sy\/es\/wp-content\/uploads\/2022\/01\/photo_2022-01-22_17-22-46-300x225.jpg 300w, https:\/\/archive.sana.sy\/es\/wp-content\/uploads\/2022\/01\/photo_2022-01-22_17-22-46-150x113.jpg 150w\" sizes=\"(max-width: 720px) 100vw, 720px\" \/><\/a>\n\t\t\t<\/div><\/figure><figure class='gallery-item'>\n\t\t\t<div class='gallery-icon portrait'>\n\t\t\t\t<a href='https:\/\/archive.sana.sy\/es\/?attachment_id=215535'><img loading=\"lazy\" decoding=\"async\" width=\"500\" height=\"665\" src=\"https:\/\/archive.sana.sy\/es\/wp-content\/uploads\/2022\/01\/photo_2022-01-22_17-22-47-2.jpg\" class=\"attachment-full size-full\" alt=\"\" srcset=\"https:\/\/archive.sana.sy\/es\/wp-content\/uploads\/2022\/01\/photo_2022-01-22_17-22-47-2.jpg 500w, https:\/\/archive.sana.sy\/es\/wp-content\/uploads\/2022\/01\/photo_2022-01-22_17-22-47-2-226x300.jpg 226w, https:\/\/archive.sana.sy\/es\/wp-content\/uploads\/2022\/01\/photo_2022-01-22_17-22-47-2-113x150.jpg 113w\" sizes=\"(max-width: 500px) 100vw, 500px\" \/><\/a>\n\t\t\t<\/div><\/figure><figure class='gallery-item'>\n\t\t\t<div class='gallery-icon landscape'>\n\t\t\t\t<a href='https:\/\/archive.sana.sy\/es\/?attachment_id=215536'><img loading=\"lazy\" decoding=\"async\" width=\"960\" height=\"720\" src=\"https:\/\/archive.sana.sy\/es\/wp-content\/uploads\/2022\/01\/photo_2022-01-22_17-22-47.jpg\" class=\"attachment-full size-full\" alt=\"\" srcset=\"https:\/\/archive.sana.sy\/es\/wp-content\/uploads\/2022\/01\/photo_2022-01-22_17-22-47.jpg 960w, https:\/\/archive.sana.sy\/es\/wp-content\/uploads\/2022\/01\/photo_2022-01-22_17-22-47-300x225.jpg 300w, https:\/\/archive.sana.sy\/es\/wp-content\/uploads\/2022\/01\/photo_2022-01-22_17-22-47-150x113.jpg 150w, https:\/\/archive.sana.sy\/es\/wp-content\/uploads\/2022\/01\/photo_2022-01-22_17-22-47-768x576.jpg 768w\" sizes=\"(max-width: 960px) 100vw, 960px\" \/><\/a>\n\t\t\t<\/div><\/figure>\n\t\t<\/div>\n\n","protected":false},"excerpt":{"rendered":"<p>Deraa, 22 ene (SANA)\u00a0 La antigua ciudad de Bosra, ubicada en la provincia sure\u00f1a de Deraa a unos 100 kil\u00f3metros al sur de la capital Damasco e inscrita en la lista del Patrimonio de la Humanidad de la UNESCO desde 1980, es sitio arqueol\u00f3gico importante que tiene ruinas de la \u00e9poca romana y bizantina, y &hellip;<\/p>\n","protected":false},"author":39,"featured_media":215548,"comment_status":"closed","ping_status":"closed","sticky":false,"template":"","format":"standard","meta":{"footnotes":""},"categories":[477,597,476,7541,18781],"tags":[],"class_list":["post-215532","post","type-post","status-publish","format-standard","has-post-thumbnail","","category-noticias-edulcorantes","category-cinta-de-noticias","category-locales","category-ultimas-noticias","category-vistazos-sobre-siria"],"_links":{"self":[{"href":"https:\/\/archive.sana.sy\/es\/index.php?rest_route=\/wp\/v2\/posts\/215532"}],"collection":[{"href":"https:\/\/archive.sana.sy\/es\/index.php?rest_route=\/wp\/v2\/posts"}],"about":[{"href":"https:\/\/archive.sana.sy\/es\/index.php?rest_route=\/wp\/v2\/types\/post"}],"author":[{"embeddable":true,"href":"https:\/\/archive.sana.sy\/es\/index.php?rest_route=\/wp\/v2\/users\/39"}],"replies":[{"embeddable":true,"href":"https:\/\/archive.sana.sy\/es\/index.php?rest_route=%2Fwp%2Fv2%2Fcomments&post=215532"}],"version-history":[{"count":0,"href":"https:\/\/archive.sana.sy\/es\/index.php?rest_route=\/wp\/v2\/posts\/215532\/revisions"}],"wp:featuredmedia":[{"embeddable":true,"href":"https:\/\/archive.sana.sy\/es\/index.php?rest_route=\/wp\/v2\/media\/215548"}],"wp:attachment":[{"href":"https:\/\/archive.sana.sy\/es\/index.php?rest_route=%2Fwp%2Fv2%2Fmedia&parent=215532"}],"wp:term":[{"taxonomy":"category","embeddable":true,"href":"https:\/\/archive.sana.sy\/es\/index.php?rest_route=%2Fwp%2Fv2%2Fcategories&post=215532"},{"taxonomy":"post_tag","embeddable":true,"href":"https:\/\/archive.sana.sy\/es\/index.php?rest_route=%2Fwp%2Fv2%2Ftags&post=215532"}],"curies":[{"name":"wp","href":"https:\/\/api.w.org\/{rel}","templated":true}]}}