{"id":215546,"date":"2022-01-22T18:29:56","date_gmt":"2022-01-22T16:29:56","guid":{"rendered":"http:\/\/107.6.182.27\/es\/?p=215546"},"modified":"2023-01-10T16:39:03","modified_gmt":"2023-01-10T14:39:03","slug":"ejercito-iraqui-elimina-a-tres-terroristas-de-daesh","status":"publish","type":"post","link":"https:\/\/archive.sana.sy\/es\/?p=215546","title":{"rendered":"Ej\u00e9rcito iraqu\u00ed elimina a tres terroristas de Daesh"},"content":{"rendered":"<p style=\"text-align: justify;\"><span style=\"color: #800000;\"><strong>Bagdad, 22 ene (SANA)<\/strong> <\/span>Las fuerzas iraqu\u00edes liquidaron hoy a tres terroristas de Daesh, dos de los cuales son cabecillas, en un ataque a\u00e9reo en la gobernaci\u00f3n de N\u00ednive, en el norte de Irak.<\/p>\n<p style=\"text-align: justify;\">\u201cTras un proceso de seguimiento e informaciones de inteligencia, tres terroristas de \u201cDaesh\u201d fueron eliminados en una incursi\u00f3n contra el veh\u00edculo en el que se trasladaban, dos de ellos son cabecillas\u201d, inform\u00f3 una fuente de seguridad a la agencia iraqu\u00ed de noticias Ian.<\/p>\n<p style=\"text-align: justify;\">El hecho ocurri\u00f3 al sur de la localidad Hatra entre los distritos de Baiji y Hawija.<\/p>\n<p style=\"text-align: justify;\"><em>sm\/fm<\/em><\/p>\n","protected":false},"excerpt":{"rendered":"<p>Bagdad, 22 ene (SANA) Las fuerzas iraqu\u00edes liquidaron hoy a tres terroristas de Daesh, dos de los cuales son cabecillas, en un ataque a\u00e9reo en la gobernaci\u00f3n de N\u00ednive, en el norte de Irak. \u201cTras un proceso de seguimiento e informaciones de inteligencia, tres terroristas de \u201cDaesh\u201d fueron eliminados en una incursi\u00f3n contra el veh\u00edculo &hellip;<\/p>\n","protected":false},"author":39,"featured_media":215549,"comment_status":"closed","ping_status":"closed","sticky":false,"template":"","format":"standard","meta":{"footnotes":""},"categories":[597,456,457],"tags":[],"class_list":["post-215546","post","type-post","status-publish","format-standard","has-post-thumbnail","","category-cinta-de-noticias","category-arabe-internacional-politica","category-noticias-arabe-internacional-politica"],"_links":{"self":[{"href":"https:\/\/archive.sana.sy\/es\/index.php?rest_route=\/wp\/v2\/posts\/215546"}],"collection":[{"href":"https:\/\/archive.sana.sy\/es\/index.php?rest_route=\/wp\/v2\/posts"}],"about":[{"href":"https:\/\/archive.sana.sy\/es\/index.php?rest_route=\/wp\/v2\/types\/post"}],"author":[{"embeddable":true,"href":"https:\/\/archive.sana.sy\/es\/index.php?rest_route=\/wp\/v2\/users\/39"}],"replies":[{"embeddable":true,"href":"https:\/\/archive.sana.sy\/es\/index.php?rest_route=%2Fwp%2Fv2%2Fcomments&post=215546"}],"version-history":[{"count":0,"href":"https:\/\/archive.sana.sy\/es\/index.php?rest_route=\/wp\/v2\/posts\/215546\/revisions"}],"wp:featuredmedia":[{"embeddable":true,"href":"https:\/\/archive.sana.sy\/es\/index.php?rest_route=\/wp\/v2\/media\/215549"}],"wp:attachment":[{"href":"https:\/\/archive.sana.sy\/es\/index.php?rest_route=%2Fwp%2Fv2%2Fmedia&parent=215546"}],"wp:term":[{"taxonomy":"category","embeddable":true,"href":"https:\/\/archive.sana.sy\/es\/index.php?rest_route=%2Fwp%2Fv2%2Fcategories&post=215546"},{"taxonomy":"post_tag","embeddable":true,"href":"https:\/\/archive.sana.sy\/es\/index.php?rest_route=%2Fwp%2Fv2%2Ftags&post=215546"}],"curies":[{"name":"wp","href":"https:\/\/api.w.org\/{rel}","templated":true}]}}