{"id":215950,"date":"2022-01-26T15:42:49","date_gmt":"2022-01-26T13:42:49","guid":{"rendered":"http:\/\/107.6.182.27\/es\/?p=215950"},"modified":"2023-01-10T15:13:14","modified_gmt":"2023-01-10T13:13:14","slug":"continuan-obras-de-rehabilitacion-de-la-represa-qutaina-la-mayor-en-provincia-de-homs","status":"publish","type":"post","link":"https:\/\/archive.sana.sy\/es\/?p=215950","title":{"rendered":"Contin\u00faan obras de rehabilitaci\u00f3n de la represa Qutaina, la mayor en provincia de Homs"},"content":{"rendered":"<p style=\"text-align: justify;\"><span style=\"color: #800000;\"><strong>Homs, 26 ene (SANA)<\/strong> <\/span>Ismail Ismail, director de Recursos H\u00eddricos en la provincia central de Homs, revel\u00f3 que se complet\u00f3 hasta la fecha el 85% de las obras de rehabilitaci\u00f3n de la estructura de la cuenca de distribuci\u00f3n de agua en la represa de Qutina.<\/p>\n<p style=\"text-align: justify;\">En declaraciones a SANA, Ismail dijo que los trabajos contin\u00faan a buen ritmo para completar el proyecto y ponerlo en servicio muy pronto.<\/p>\n<p style=\"text-align: justify;\"><img loading=\"lazy\" decoding=\"async\" class=\" wp-image-215951 alignleft\" src=\"http:\/\/107.6.182.27\/es\/wp-content\/uploads\/2022\/01\/9-54-300x184-1.jpg\" alt=\"\" width=\"228\" height=\"140\" srcset=\"https:\/\/archive.sana.sy\/es\/wp-content\/uploads\/2022\/01\/9-54-300x184-1.jpg 300w, https:\/\/archive.sana.sy\/es\/wp-content\/uploads\/2022\/01\/9-54-300x184-1-150x92.jpg 150w\" sizes=\"(max-width: 228px) 100vw, 228px\" \/>Es uno de los proyectos vitales a nivel provincial y tiene como objetivo regularizar la distribuci\u00f3n de agua y mantener la integridad de la represa, la m\u00e1s grande de Homs, que irriga un \u00e1rea de m\u00e1s de 22.000 hect\u00e1reas de las llanuras de Homs y Hama.<\/p>\n<p style=\"text-align: justify;\">Cabe destacar que la referida represa tiene un volumen m\u00e1ximo de almacenamiento de 200 millones de metros c\u00fabicos.<\/p>\n<p style=\"text-align: justify;\"><em>fm\/ed<\/em><\/p>\n","protected":false},"excerpt":{"rendered":"<p>Homs, 26 ene (SANA) Ismail Ismail, director de Recursos H\u00eddricos en la provincia central de Homs, revel\u00f3 que se complet\u00f3 hasta la fecha el 85% de las obras de rehabilitaci\u00f3n de la estructura de la cuenca de distribuci\u00f3n de agua en la represa de Qutina. En declaraciones a SANA, Ismail dijo que los trabajos contin\u00faan &hellip;<\/p>\n","protected":false},"author":32,"featured_media":215953,"comment_status":"closed","ping_status":"closed","sticky":false,"template":"","format":"standard","meta":{"footnotes":""},"categories":[597,16686,485,476,7541],"tags":[1519,20661],"class_list":["post-215950","post","type-post","status-publish","format-standard","has-post-thumbnail","","category-cinta-de-noticias","category-economia","category-informes-negocios-y-finanzas","category-locales","category-ultimas-noticias","tag-homs","tag-represa-qutaina"],"_links":{"self":[{"href":"https:\/\/archive.sana.sy\/es\/index.php?rest_route=\/wp\/v2\/posts\/215950"}],"collection":[{"href":"https:\/\/archive.sana.sy\/es\/index.php?rest_route=\/wp\/v2\/posts"}],"about":[{"href":"https:\/\/archive.sana.sy\/es\/index.php?rest_route=\/wp\/v2\/types\/post"}],"author":[{"embeddable":true,"href":"https:\/\/archive.sana.sy\/es\/index.php?rest_route=\/wp\/v2\/users\/32"}],"replies":[{"embeddable":true,"href":"https:\/\/archive.sana.sy\/es\/index.php?rest_route=%2Fwp%2Fv2%2Fcomments&post=215950"}],"version-history":[{"count":0,"href":"https:\/\/archive.sana.sy\/es\/index.php?rest_route=\/wp\/v2\/posts\/215950\/revisions"}],"wp:featuredmedia":[{"embeddable":true,"href":"https:\/\/archive.sana.sy\/es\/index.php?rest_route=\/wp\/v2\/media\/215953"}],"wp:attachment":[{"href":"https:\/\/archive.sana.sy\/es\/index.php?rest_route=%2Fwp%2Fv2%2Fmedia&parent=215950"}],"wp:term":[{"taxonomy":"category","embeddable":true,"href":"https:\/\/archive.sana.sy\/es\/index.php?rest_route=%2Fwp%2Fv2%2Fcategories&post=215950"},{"taxonomy":"post_tag","embeddable":true,"href":"https:\/\/archive.sana.sy\/es\/index.php?rest_route=%2Fwp%2Fv2%2Ftags&post=215950"}],"curies":[{"name":"wp","href":"https:\/\/api.w.org\/{rel}","templated":true}]}}