{"id":215956,"date":"2022-01-26T15:53:34","date_gmt":"2022-01-26T13:53:34","guid":{"rendered":"http:\/\/107.6.182.27\/es\/?p=215956"},"modified":"2023-01-10T14:21:02","modified_gmt":"2023-01-10T12:21:02","slug":"embajador-de-siria-entrega-sus-cartas-credenciales-al-presidente-de-argentina","status":"publish","type":"post","link":"https:\/\/archive.sana.sy\/es\/?p=215956","title":{"rendered":"Embajador de Siria entrega sus cartas credenciales al presidente de Argentina"},"content":{"rendered":"<p style=\"text-align: justify;\"><span style=\"color: #800000;\"><strong>Buenos Aires, 26 ene (SANA)<\/strong><\/span> El presidente argentino, Alberto \u00c1ngel Fern\u00e1ndez, recibi\u00f3 hoy las cartas credenciales de Sami Salameh, el Embajador de la Rep\u00fablica \u00c1rabe Siria en Argentina.<\/p>\n<p style=\"text-align: justify;\">El acto cont\u00f3 con la presencia del ministro de Relaciones Exteriores, Comercio Internacional y Culto de Argentina, Santiago Cafiero.<\/p>\n<p style=\"text-align: justify;\">El Embajador Salameh transmiti\u00f3 los saludos del presidente Bashar al-Assad al mandatario argentino, quien manifest\u00f3 su agradecimiento por los mismos.<\/p>\n<p style=\"text-align: justify;\">Las cartas credenciales del nuevo embajador sirio fueron entregadas en una recepci\u00f3n organizada en la Casa Rosada, y en la que otros 20 embajadores entregaron sus credenciales.<\/p>\n<p style=\"text-align: justify;\">fm\/ed<\/p>\n","protected":false},"excerpt":{"rendered":"<p>Buenos Aires, 26 ene (SANA) El presidente argentino, Alberto \u00c1ngel Fern\u00e1ndez, recibi\u00f3 hoy las cartas credenciales de Sami Salameh, el Embajador de la Rep\u00fablica \u00c1rabe Siria en Argentina. El acto cont\u00f3 con la presencia del ministro de Relaciones Exteriores, Comercio Internacional y Culto de Argentina, Santiago Cafiero. El Embajador Salameh transmiti\u00f3 los saludos del presidente &hellip;<\/p>\n","protected":false},"author":32,"featured_media":215957,"comment_status":"closed","ping_status":"closed","sticky":false,"template":"","format":"standard","meta":{"footnotes":""},"categories":[447,477,597,476,457,467,583],"tags":[],"class_list":["post-215956","post","type-post","status-publish","format-standard","has-post-thumbnail","","category-local-politica","category-noticias-edulcorantes","category-cinta-de-noticias","category-locales","category-noticias-arabe-internacional-politica","category-siria-y-el-mundo","category-slide"],"_links":{"self":[{"href":"https:\/\/archive.sana.sy\/es\/index.php?rest_route=\/wp\/v2\/posts\/215956"}],"collection":[{"href":"https:\/\/archive.sana.sy\/es\/index.php?rest_route=\/wp\/v2\/posts"}],"about":[{"href":"https:\/\/archive.sana.sy\/es\/index.php?rest_route=\/wp\/v2\/types\/post"}],"author":[{"embeddable":true,"href":"https:\/\/archive.sana.sy\/es\/index.php?rest_route=\/wp\/v2\/users\/32"}],"replies":[{"embeddable":true,"href":"https:\/\/archive.sana.sy\/es\/index.php?rest_route=%2Fwp%2Fv2%2Fcomments&post=215956"}],"version-history":[{"count":0,"href":"https:\/\/archive.sana.sy\/es\/index.php?rest_route=\/wp\/v2\/posts\/215956\/revisions"}],"wp:featuredmedia":[{"embeddable":true,"href":"https:\/\/archive.sana.sy\/es\/index.php?rest_route=\/wp\/v2\/media\/215957"}],"wp:attachment":[{"href":"https:\/\/archive.sana.sy\/es\/index.php?rest_route=%2Fwp%2Fv2%2Fmedia&parent=215956"}],"wp:term":[{"taxonomy":"category","embeddable":true,"href":"https:\/\/archive.sana.sy\/es\/index.php?rest_route=%2Fwp%2Fv2%2Fcategories&post=215956"},{"taxonomy":"post_tag","embeddable":true,"href":"https:\/\/archive.sana.sy\/es\/index.php?rest_route=%2Fwp%2Fv2%2Ftags&post=215956"}],"curies":[{"name":"wp","href":"https:\/\/api.w.org\/{rel}","templated":true}]}}