{"id":216013,"date":"2022-01-26T21:05:45","date_gmt":"2022-01-26T19:05:45","guid":{"rendered":"http:\/\/107.6.182.27\/es\/?p=216013"},"modified":"2023-01-10T14:21:00","modified_gmt":"2023-01-10T12:21:00","slug":"siria-crea-centros-culturales-en-sus-prisiones-para-reintegracion-futura-de-reclusos-en-la-comunidad","status":"publish","type":"post","link":"https:\/\/archive.sana.sy\/es\/?p=216013","title":{"rendered":"Siria crea centros culturales en sus prisiones para reintegraci\u00f3n futura de reclusos en la comunidad"},"content":{"rendered":"<p style=\"text-align: justify\"><span style=\"color: #800000\"><strong>Damasco, 26 ene (SANA)<\/strong><\/span> Los centros culturales dentro de las c\u00e1rceles de Damasco y las dem\u00e1s provincias sirias se han convertido en un puente que enlaza los reclusos con el mundo exterior.<\/p>\n<p style=\"text-align: justify\">Esta iniciativa se puso en marcha en septiembre de 2017, cuando los Ministerios del Interior y de Cultura firmaron un memorando de entendimiento con el objetivo de \u201cemplear diversos instrumentos culturales tales como el cine, el libro y el teatro para lograr una gesti\u00f3n penitenciaria enfocada en la rehabilitaci\u00f3n y culturizaci\u00f3n de los reclusos.<\/p>\n<p style=\"text-align: justify\">La iniciativa entr\u00f3 en vigor un a\u00f1o despu\u00e9s de la suscripci\u00f3n del memorando, cuando el Ministerio de Cultura, en colaboraci\u00f3n con el Interior, inaugur\u00f3 dos centros culturales y dos institutos de cultura popular en las secciones de hombres y mujeres de la Prisi\u00f3n Central de Adra, cerca de Damasco.<\/p>\n<p style=\"text-align: justify\">Esta iniciativa no se limit\u00f3 a Damasco, ya que se abrieron tambi\u00e9n centros culturales en las c\u00e1rceles de las provincias de Homs y Tartous.<br \/>\nEn estos centros se dictaron cursos de alfabetismo digital, tambi\u00e9n se realizan diferentes exposiciones art\u00edsticas, actuaciones teatrales y proyecci\u00f3n de pel\u00edculas cinematogr\u00e1ficas.<\/p>\n<p style=\"text-align: justify\">Asimismo, las bibliotecas fueron suministradas con miles de libros por parte del Ministerio de Cultura y la Autoridad General del Libro de Siria.<\/p>\n<p style=\"text-align: justify\">Bassam Dayub, director de Educaci\u00f3n de Adultos y Desarrollo Cultural del Ministerio de Cultura, precis\u00f3 en declaraciones a SANA, que estos centros son parte de un plan que busca rehabilitar a los reclusos para su reintegraci\u00f3n social futura en la comunidad.<\/p>\n<div id='gallery-1' class='gallery galleryid-216013 gallery-columns-1 gallery-size-full'><figure class='gallery-item'>\n\t\t\t<div class='gallery-icon landscape'>\n\t\t\t\t<a href='https:\/\/archive.sana.sy\/es\/wp-content\/uploads\/2022\/01\/reclusos-2.jpg'><img loading=\"lazy\" decoding=\"async\" width=\"660\" height=\"405\" src=\"https:\/\/archive.sana.sy\/es\/wp-content\/uploads\/2022\/01\/reclusos-2.jpg\" class=\"attachment-full size-full\" alt=\"\" srcset=\"https:\/\/archive.sana.sy\/es\/wp-content\/uploads\/2022\/01\/reclusos-2.jpg 660w, https:\/\/archive.sana.sy\/es\/wp-content\/uploads\/2022\/01\/reclusos-2-300x184.jpg 300w, https:\/\/archive.sana.sy\/es\/wp-content\/uploads\/2022\/01\/reclusos-2-150x92.jpg 150w\" sizes=\"(max-width: 660px) 100vw, 660px\" \/><\/a>\n\t\t\t<\/div><\/figure><figure class='gallery-item'>\n\t\t\t<div class='gallery-icon landscape'>\n\t\t\t\t<a href='https:\/\/archive.sana.sy\/es\/wp-content\/uploads\/2022\/01\/reclusos-3.jpg'><img loading=\"lazy\" decoding=\"async\" width=\"660\" height=\"439\" src=\"https:\/\/archive.sana.sy\/es\/wp-content\/uploads\/2022\/01\/reclusos-3.jpg\" class=\"attachment-full size-full\" alt=\"\" srcset=\"https:\/\/archive.sana.sy\/es\/wp-content\/uploads\/2022\/01\/reclusos-3.jpg 660w, https:\/\/archive.sana.sy\/es\/wp-content\/uploads\/2022\/01\/reclusos-3-300x200.jpg 300w, https:\/\/archive.sana.sy\/es\/wp-content\/uploads\/2022\/01\/reclusos-3-150x100.jpg 150w, https:\/\/archive.sana.sy\/es\/wp-content\/uploads\/2022\/01\/reclusos-3-310x205.jpg 310w\" sizes=\"(max-width: 660px) 100vw, 660px\" \/><\/a>\n\t\t\t<\/div><\/figure>\n\t\t<\/div>\n\n<p style=\"text-align: justify\">la\/fm<\/p>\n","protected":false},"excerpt":{"rendered":"<p>Damasco, 26 ene (SANA) Los centros culturales dentro de las c\u00e1rceles de Damasco y las dem\u00e1s provincias sirias se han convertido en un puente que enlaza los reclusos con el mundo exterior. Esta iniciativa se puso en marcha en septiembre de 2017, cuando los Ministerios del Interior y de Cultura firmaron un memorando de entendimiento &hellip;<\/p>\n","protected":false},"author":24,"featured_media":216021,"comment_status":"closed","ping_status":"closed","sticky":false,"template":"","format":"standard","meta":{"footnotes":""},"categories":[447,597,476,583],"tags":[],"class_list":["post-216013","post","type-post","status-publish","format-standard","has-post-thumbnail","","category-local-politica","category-cinta-de-noticias","category-locales","category-slide"],"_links":{"self":[{"href":"https:\/\/archive.sana.sy\/es\/index.php?rest_route=\/wp\/v2\/posts\/216013"}],"collection":[{"href":"https:\/\/archive.sana.sy\/es\/index.php?rest_route=\/wp\/v2\/posts"}],"about":[{"href":"https:\/\/archive.sana.sy\/es\/index.php?rest_route=\/wp\/v2\/types\/post"}],"author":[{"embeddable":true,"href":"https:\/\/archive.sana.sy\/es\/index.php?rest_route=\/wp\/v2\/users\/24"}],"replies":[{"embeddable":true,"href":"https:\/\/archive.sana.sy\/es\/index.php?rest_route=%2Fwp%2Fv2%2Fcomments&post=216013"}],"version-history":[{"count":0,"href":"https:\/\/archive.sana.sy\/es\/index.php?rest_route=\/wp\/v2\/posts\/216013\/revisions"}],"wp:featuredmedia":[{"embeddable":true,"href":"https:\/\/archive.sana.sy\/es\/index.php?rest_route=\/wp\/v2\/media\/216021"}],"wp:attachment":[{"href":"https:\/\/archive.sana.sy\/es\/index.php?rest_route=%2Fwp%2Fv2%2Fmedia&parent=216013"}],"wp:term":[{"taxonomy":"category","embeddable":true,"href":"https:\/\/archive.sana.sy\/es\/index.php?rest_route=%2Fwp%2Fv2%2Fcategories&post=216013"},{"taxonomy":"post_tag","embeddable":true,"href":"https:\/\/archive.sana.sy\/es\/index.php?rest_route=%2Fwp%2Fv2%2Ftags&post=216013"}],"curies":[{"name":"wp","href":"https:\/\/api.w.org\/{rel}","templated":true}]}}