{"id":216027,"date":"2022-01-27T06:05:50","date_gmt":"2022-01-27T04:05:50","guid":{"rendered":"http:\/\/107.6.182.27\/es\/?p=216027"},"modified":"2023-01-10T14:20:59","modified_gmt":"2023-01-10T12:20:59","slug":"rusia-solicita-celebrar-reunion-del-consejo-de-seguridad-de-la-onu-sobre-siria","status":"publish","type":"post","link":"https:\/\/archive.sana.sy\/es\/?p=216027","title":{"rendered":"Rusia solicita celebrar reuni\u00f3n del Consejo de Seguridad de la ONU sobre Siria"},"content":{"rendered":"<p style=\"text-align: justify;\"><strong><span style=\"color: #800000;\">Nueva York, 27 ene (SANA)<\/span><\/strong>\u00a0 \u00a0 El delegado adjunto de Rusia ante las Naciones Unidas, Dmitry Polyansky, anunci\u00f3 que su pa\u00eds solicit\u00f3 una reuni\u00f3n del Consejo de Seguridad de la ONU sobre los ataques lanzados por la organizaci\u00f3n terrorista Daesh en el noreste de Siria.<\/p>\n<p style=\"text-align: justify;\">\u201cEstamos profundamente preocupados por los informes sobre los recientes ataques de Daesh en el noreste de Siria y la situaci\u00f3n general en esa parte del pa\u00eds\u201d, declar\u00f3 Polyansky a los periodistas citado por la cadena Russia Today.<\/p>\n<p style=\"text-align: justify;\">Precis\u00f3 que se hab\u00eda solicitado la reuni\u00f3n para este jueves.<\/p>\n<p style=\"text-align: justify;\">Adem\u00e1s, Mosc\u00fa solicit\u00f3 una reuni\u00f3n por separada durante la cual se espera escuchar el informe del Secretario General Adjunto de las Naciones Unidas, el jefe del Departamento Contra el Terrorismo de la Organizaci\u00f3n, Vladimir Voronkov, y otros representantes de la Secretar\u00eda de las Naciones Unidas, sobre los \u00faltimos acontecimientos en el noreste de Siria.<\/p>\n<p style=\"text-align: justify;\">fm<\/p>\n","protected":false},"excerpt":{"rendered":"<p>Nueva York, 27 ene (SANA)\u00a0 \u00a0 El delegado adjunto de Rusia ante las Naciones Unidas, Dmitry Polyansky, anunci\u00f3 que su pa\u00eds solicit\u00f3 una reuni\u00f3n del Consejo de Seguridad de la ONU sobre los ataques lanzados por la organizaci\u00f3n terrorista Daesh en el noreste de Siria. \u201cEstamos profundamente preocupados por los informes sobre los recientes ataques &hellip;<\/p>\n","protected":false},"author":34,"featured_media":216028,"comment_status":"closed","ping_status":"closed","sticky":false,"template":"","format":"standard","meta":{"footnotes":""},"categories":[477,447,597,476,457,467,7541],"tags":[],"class_list":["post-216027","post","type-post","status-publish","format-standard","has-post-thumbnail","","category-noticias-edulcorantes","category-local-politica","category-cinta-de-noticias","category-locales","category-noticias-arabe-internacional-politica","category-siria-y-el-mundo","category-ultimas-noticias"],"_links":{"self":[{"href":"https:\/\/archive.sana.sy\/es\/index.php?rest_route=\/wp\/v2\/posts\/216027"}],"collection":[{"href":"https:\/\/archive.sana.sy\/es\/index.php?rest_route=\/wp\/v2\/posts"}],"about":[{"href":"https:\/\/archive.sana.sy\/es\/index.php?rest_route=\/wp\/v2\/types\/post"}],"author":[{"embeddable":true,"href":"https:\/\/archive.sana.sy\/es\/index.php?rest_route=\/wp\/v2\/users\/34"}],"replies":[{"embeddable":true,"href":"https:\/\/archive.sana.sy\/es\/index.php?rest_route=%2Fwp%2Fv2%2Fcomments&post=216027"}],"version-history":[{"count":0,"href":"https:\/\/archive.sana.sy\/es\/index.php?rest_route=\/wp\/v2\/posts\/216027\/revisions"}],"wp:featuredmedia":[{"embeddable":true,"href":"https:\/\/archive.sana.sy\/es\/index.php?rest_route=\/wp\/v2\/media\/216028"}],"wp:attachment":[{"href":"https:\/\/archive.sana.sy\/es\/index.php?rest_route=%2Fwp%2Fv2%2Fmedia&parent=216027"}],"wp:term":[{"taxonomy":"category","embeddable":true,"href":"https:\/\/archive.sana.sy\/es\/index.php?rest_route=%2Fwp%2Fv2%2Fcategories&post=216027"},{"taxonomy":"post_tag","embeddable":true,"href":"https:\/\/archive.sana.sy\/es\/index.php?rest_route=%2Fwp%2Fv2%2Ftags&post=216027"}],"curies":[{"name":"wp","href":"https:\/\/api.w.org\/{rel}","templated":true}]}}