{"id":216037,"date":"2022-01-27T08:49:21","date_gmt":"2022-01-27T06:49:21","guid":{"rendered":"http:\/\/107.6.182.27\/es\/?p=216037"},"modified":"2023-01-10T15:32:53","modified_gmt":"2023-01-10T13:32:53","slug":"titulares-de-la-agencia-sana-27-de-enero-2022","status":"publish","type":"post","link":"https:\/\/archive.sana.sy\/es\/?p=216037","title":{"rendered":"Titulares de la agencia SANA, 27 de enero 2022"},"content":{"rendered":"<p style=\"text-align: justify;\"><strong><span style=\"color: #800000;\">Damasco, 27 ene (SANA)<\/span><\/strong><\/p>\n<p style=\"text-align: justify;\">\u2b55\ufe0fSiria repudia \u00faltimo comunicado del Consejo Europeo y lo tacha de \u201cpapel mojado\u201d<\/p>\n<p style=\"text-align: justify;\">\u2b55\ufe0fEmbajador indio califica relaci\u00f3n de su pa\u00eds con Siria de importante e hist\u00f3rica.<\/p>\n<p style=\"text-align: justify;\">\u2b55\ufe0fFirman en Beirut acuerdo de enlace el\u00e9ctrico entre Jordania y el L\u00edbano a trav\u00e9s de Siria.<\/p>\n<p>\u2b55\ufe0fEmbajador de Siria entrega sus cartas credenciales al presidente de Argentina en una recepci\u00f3n organizada en la Casa Rosada .<\/p>\n<p>\u2b55\ufe0fSiria y Bielorrusia fortalecen relaciones econ\u00f3micas, industriales y comerciales.<\/p>\n<p style=\"text-align: justify;\">\u2b55\ufe0fEEUU saque\u00f3 130 camiones de petr\u00f3leo sirio e ingres\u00f3 m\u00e1s armas a sus bases ilegales.<\/p>\n<p>\u2b55\ufe0fEstados Unidos contin\u00faa su apoyo a terroristas en Siria.<\/p>\n<p style=\"text-align: justify;\">\u2b55\ufe0fLa milicia FDS asalta localidades y barrios en Hasakeh y secuestra a civiles.<\/p>\n<p style=\"text-align: justify;\">\u2b55\ufe0fComienzan en Minsk reuniones de la Comisi\u00f3n Mixta entre Siria y Bielorrusia.<\/p>\n<p style=\"text-align: justify;\">\u2b55\ufe0fFlota del Mar Negro comienza ejercicios navales masivos.<\/p>\n<p style=\"text-align: justify;\">\u2b55\ufe0fContin\u00faan obras de rehabilitaci\u00f3n de la represa Qutaina, la mayor en provincia de Homs .<\/p>\n<p style=\"text-align: justify;\">\u2b55\ufe0fLas medidas unilaterales de Occidente obstaculizan el desarrollo en los pa\u00edses \u00e1rabes, afirma Al-Qadiri.<\/p>\n<p style=\"text-align: justify;\">\u2b55\ufe0fMiqati agradece a Siria y Jordania por su papel en ayudar al L\u00edbano a superar su crisis el\u00e9ctrica.<\/p>\n<p style=\"text-align: justify;\">\u2b55\ufe0fAbren nuevo centro en Hasakeh para albergar a desplazados por bombardeos de la aviaci\u00f3n norteamericana.<\/p>\n<p style=\"text-align: justify;\">\u2b55\ufe0fLugare\u00f1os de al-Yazira desaf\u00edan represi\u00f3n de la milicia FDS, y se entregan para normalizar su estado jur\u00eddico.<\/p>\n<p style=\"text-align: justify;\">\u2b55\ufe0fMilicia FDS demuele 10 viviendas de civiles en el sur del barrio de Ghweran en la ciudad de Hasakeh.<\/p>\n<p style=\"text-align: justify;\">\u2b55\ufe0f70 editoriales sirias participan en 53\u00aa edici\u00f3n de la Feria Internacional del Libro en Egipto.<\/p>\n<p style=\"text-align: justify;\">\u2b55\ufe0fMilicia proestadounidense FDS demuele 10 viviendas en el sur de la ciudad de Hasakeh.<\/p>\n<p style=\"text-align: justify;\">\u2b55\ufe0fCompletan conversaciones para fabricar vacunas rusas anti covid-19 en Siria.<\/p>\n","protected":false},"excerpt":{"rendered":"<p>Damasco, 27 ene (SANA) \u2b55\ufe0fSiria repudia \u00faltimo comunicado del Consejo Europeo y lo tacha de \u201cpapel mojado\u201d \u2b55\ufe0fEmbajador indio califica relaci\u00f3n de su pa\u00eds con Siria de importante e hist\u00f3rica. \u2b55\ufe0fFirman en Beirut acuerdo de enlace el\u00e9ctrico entre Jordania y el L\u00edbano a trav\u00e9s de Siria. \u2b55\ufe0fEmbajador de Siria entrega sus cartas credenciales al presidente &hellip;<\/p>\n","protected":false},"author":32,"featured_media":216038,"comment_status":"closed","ping_status":"closed","sticky":false,"template":"","format":"standard","meta":{"footnotes":""},"categories":[447,555,597,7541],"tags":[],"class_list":["post-216037","post","type-post","status-publish","format-standard","has-post-thumbnail","","category-local-politica","category-prensa","category-cinta-de-noticias","category-ultimas-noticias"],"_links":{"self":[{"href":"https:\/\/archive.sana.sy\/es\/index.php?rest_route=\/wp\/v2\/posts\/216037"}],"collection":[{"href":"https:\/\/archive.sana.sy\/es\/index.php?rest_route=\/wp\/v2\/posts"}],"about":[{"href":"https:\/\/archive.sana.sy\/es\/index.php?rest_route=\/wp\/v2\/types\/post"}],"author":[{"embeddable":true,"href":"https:\/\/archive.sana.sy\/es\/index.php?rest_route=\/wp\/v2\/users\/32"}],"replies":[{"embeddable":true,"href":"https:\/\/archive.sana.sy\/es\/index.php?rest_route=%2Fwp%2Fv2%2Fcomments&post=216037"}],"version-history":[{"count":0,"href":"https:\/\/archive.sana.sy\/es\/index.php?rest_route=\/wp\/v2\/posts\/216037\/revisions"}],"wp:featuredmedia":[{"embeddable":true,"href":"https:\/\/archive.sana.sy\/es\/index.php?rest_route=\/wp\/v2\/media\/216038"}],"wp:attachment":[{"href":"https:\/\/archive.sana.sy\/es\/index.php?rest_route=%2Fwp%2Fv2%2Fmedia&parent=216037"}],"wp:term":[{"taxonomy":"category","embeddable":true,"href":"https:\/\/archive.sana.sy\/es\/index.php?rest_route=%2Fwp%2Fv2%2Fcategories&post=216037"},{"taxonomy":"post_tag","embeddable":true,"href":"https:\/\/archive.sana.sy\/es\/index.php?rest_route=%2Fwp%2Fv2%2Ftags&post=216037"}],"curies":[{"name":"wp","href":"https:\/\/api.w.org\/{rel}","templated":true}]}}