{"id":216227,"date":"2022-01-28T07:09:33","date_gmt":"2022-01-28T05:09:33","guid":{"rendered":"http:\/\/107.6.182.27\/es\/?p=216227"},"modified":"2023-07-09T21:09:08","modified_gmt":"2023-07-09T18:09:08","slug":"titulares-de-la-agencia-sana-28-de-enero-2022","status":"publish","type":"post","link":"https:\/\/archive.sana.sy\/es\/?p=216227","title":{"rendered":"Titulares de la agencia SANA, 28 de enero 2022"},"content":{"rendered":"<p><span style=\"color: #800000;\"><strong>Damasco, 28 ene (SANA)<\/strong><\/span><\/p>\n<a href=\"http:\/\/www.sana.sy\/es\/?p=216041\" target=\"_blank\" class=\"shortc-button medium blue \">Arranca proceso de reconciliaci\u00f3n por un solo d\u00eda en provincia de Deraa<\/a>\n<a href=\"http:\/\/www.sana.sy\/es\/?p=216040\" class=\"shortc-button medium blue \">Provincia de Swieda cubierta de nieve esta ma\u00f1ana (fotos)<\/a>\n<a href=\"http:\/\/www.sana.sy\/es\/?p=216060\" target=\"_blank\" class=\"shortc-button medium blue \"><i class=\"fa SANA en espa\u00f1ol\"><\/i>Teher\u00e1n reitera que sufrimiento del pueblo sirio se debe a medidas coercitivas occidentales<\/a>\n<a href=\"http:\/\/www.sana.sy\/es\/?p=216063\" target=\"_blank\" class=\"shortc-button medium blue \">Pese a obst\u00e1culos de la milicia FDS, decenas acuden al centro de reconciliaci\u00f3n en Sabkha\/Raqa<\/a>\n<a href=\"http:\/\/www.sana.sy\/es\/?p=216070\" target=\"_blank\" class=\"shortc-button medium blue \">Fiscal\u00eda Militar: No hay justificaci\u00f3n legal para la presencia estadounidense en Siria<\/a>\n<a href=\"http:\/\/www.sana.sy\/es\/?p=216073\" target=\"_blank\" class=\"shortc-button medium blue \">Conversaciones sirio-bielorrusas en la esfera m\u00e9dica y mec\u00e1nica<\/a>\n<a href=\"http:\/\/www.sana.sy\/es\/?p=216078\" target=\"_blank\" class=\"shortc-button medium blue \">Nueva jornada israel\u00ed de arrestos arbitrarios contra 24 palestinos<\/a>\n<a href=\"http:\/\/www.sana.sy\/es\/?p=216081\" target=\"_blank\" class=\"shortc-button medium blue \">Veh\u00edculos de quitanieves desbloquean carreteras cubiertas por la nieve en localidad de Hadar<\/a>\n<a href=\"http:\/\/www.sana.sy\/es\/?p=216095\" target=\"_blank\" class=\"shortc-button medium blue \">El armamentismo israel\u00ed es la principal amenaza para la regi\u00f3n, denuncia Siria<\/a>\n<a href=\"http:\/\/www.sana.sy\/es\/?p=216098\" target=\"_blank\" class=\"shortc-button medium blue \">China reitera la necesidad de apoyar los esfuerzos de Siria en la lucha antiterrorista<\/a>\n<a href=\"http:\/\/www.sana.sy\/es\/?p=216102\" target=\"_blank\" class=\"shortc-button medium blue \">La seguridad no se puede garantizar expandiendo las alianzas militares, afirma China<\/a>\n<a href=\"http:\/\/www.sana.sy\/es\/?p=216107\" target=\"_blank\" class=\"shortc-button medium blue \">Bielorrusia expresa disposici\u00f3n para fortalecer las relaciones con Siria<\/a>\n<a href=\"http:\/\/www.sana.sy\/es\/?p=216114\" target=\"_blank\" class=\"shortc-button medium blue \">Gobierno concede licencias para 16 nuevos proyectos de inversi\u00f3n<\/a>\n<a href=\"http:\/\/www.sana.sy\/es\/?p=216119\" target=\"_blank\" class=\"shortc-button medium blue \">Inaugurados varios departamentos y c\u00e1tedras en la Universidad de Hama (+fotos)<\/a>\n<a href=\"http:\/\/www.sana.sy\/es\/?p=216134\" target=\"_blank\" class=\"shortc-button medium blue \">Contin\u00faa proceso de reconciliaci\u00f3n en Deir Ezzor y Raqa<\/a>\n<a href=\"http:\/\/www.sana.sy\/es\/?p=216140\" target=\"_blank\" class=\"shortc-button medium blue \">La milicia FDS secuestra a 50 personas en Raqa<\/a>\n<a href=\"http:\/\/www.sana.sy\/es\/?p=216143\" target=\"_blank\" class=\"shortc-button medium blue \">Gobernador de Hasakeh inspecciona centros que albergan a familias desplazadas<\/a>\n<a href=\"http:\/\/www.sana.sy\/es\/?p=216149\" target=\"_blank\" class=\"shortc-button medium blue \">La escuela secundaria Tishreen en Douma recibir\u00e1 a 1800 estudiantes (+fotos)<\/a>\n<a href=\"http:\/\/www.sana.sy\/es\/?p=216156\" target=\"_blank\" class=\"shortc-button medium blue \">Tras las nevadas, movilizaci\u00f3n por abrir carreteras en el campo de Homs (+video)<\/a>\n<a href=\"http:\/\/www.sana.sy\/es\/?p=216159\" target=\"_blank\" class=\"shortc-button medium blue \">Se movilizan autoridades para reabrir carreteras y calles bloqueadas por nevadas en varias regiones de Siria (fotos)<\/a>\n<a href=\"http:\/\/www.sana.sy\/es\/?p=216195\" target=\"_blank\" class=\"shortc-button medium blue \">EEUU bombarde\u00f3 la mayor presa en Siria, minti\u00f3 sobre ella y llam\u00f3 \u201cloco\u201d a quien denunci\u00f3 la verdad<\/a>\n<a href=\"http:\/\/www.sana.sy\/es\/?p=216198\" target=\"_blank\" class=\"shortc-button medium blue \">Debido a la alta concurrencia, autoridades prolongan reconciliaci\u00f3n en Deraa por dos d\u00edas m\u00e1s<\/a>\n<a href=\"http:\/\/www.sana.sy\/es\/?p=216204\" target=\"_blank\" class=\"shortc-button medium blue \">Vershinin: pr\u00f3xima reuni\u00f3n sobre Siria seg\u00fan f\u00f3rmula Astana, ser\u00e1 la pr\u00f3xima primavera<\/a>\n<a href=\"http:\/\/www.sana.sy\/es\/?p=216207\" target=\"_blank\" class=\"shortc-button medium blue \">Millones de sirios enfrentan grandes penurias para obtener sus necesidades b\u00e1sicas debido al bloqueo de EEUU y la UE, denuncia Siria ante la ONU<\/a>\n<a href=\"http:\/\/www.sana.sy\/es\/?p=216212\" target=\"_blank\" class=\"shortc-button medium blue \">Ministerio de Salud confirma 53 nuevos casos positivos a la Covid-19<\/a>\n<a href=\"http:\/\/www.sana.sy\/es\/?p=216209\" target=\"_blank\" class=\"shortc-button medium blue \">Siria denuncia enfoque err\u00f3neo y hostil adoptado por algunos pa\u00edses occidentales en su contra desde 2011<\/a>\n<p>&nbsp;<\/p>\n","protected":false},"excerpt":{"rendered":"<p>Damasco, 28 ene (SANA) &nbsp;<\/p>\n","protected":false},"author":30,"featured_media":216228,"comment_status":"closed","ping_status":"closed","sticky":false,"template":"","format":"standard","meta":{"footnotes":""},"categories":[555,597,7541],"tags":[],"class_list":["post-216227","post","type-post","status-publish","format-standard","has-post-thumbnail","","category-prensa","category-cinta-de-noticias","category-ultimas-noticias"],"_links":{"self":[{"href":"https:\/\/archive.sana.sy\/es\/index.php?rest_route=\/wp\/v2\/posts\/216227"}],"collection":[{"href":"https:\/\/archive.sana.sy\/es\/index.php?rest_route=\/wp\/v2\/posts"}],"about":[{"href":"https:\/\/archive.sana.sy\/es\/index.php?rest_route=\/wp\/v2\/types\/post"}],"author":[{"embeddable":true,"href":"https:\/\/archive.sana.sy\/es\/index.php?rest_route=\/wp\/v2\/users\/30"}],"replies":[{"embeddable":true,"href":"https:\/\/archive.sana.sy\/es\/index.php?rest_route=%2Fwp%2Fv2%2Fcomments&post=216227"}],"version-history":[{"count":1,"href":"https:\/\/archive.sana.sy\/es\/index.php?rest_route=\/wp\/v2\/posts\/216227\/revisions"}],"predecessor-version":[{"id":303271,"href":"https:\/\/archive.sana.sy\/es\/index.php?rest_route=\/wp\/v2\/posts\/216227\/revisions\/303271"}],"wp:featuredmedia":[{"embeddable":true,"href":"https:\/\/archive.sana.sy\/es\/index.php?rest_route=\/wp\/v2\/media\/216228"}],"wp:attachment":[{"href":"https:\/\/archive.sana.sy\/es\/index.php?rest_route=%2Fwp%2Fv2%2Fmedia&parent=216227"}],"wp:term":[{"taxonomy":"category","embeddable":true,"href":"https:\/\/archive.sana.sy\/es\/index.php?rest_route=%2Fwp%2Fv2%2Fcategories&post=216227"},{"taxonomy":"post_tag","embeddable":true,"href":"https:\/\/archive.sana.sy\/es\/index.php?rest_route=%2Fwp%2Fv2%2Ftags&post=216227"}],"curies":[{"name":"wp","href":"https:\/\/api.w.org\/{rel}","templated":true}]}}