{"id":216253,"date":"2022-01-28T13:36:30","date_gmt":"2022-01-28T11:36:30","guid":{"rendered":"http:\/\/107.6.182.27\/es\/?p=216253"},"modified":"2023-01-10T14:20:56","modified_gmt":"2023-01-10T12:20:56","slug":"prorrogado-proceso-de-reconciliacion-en-deraa-dos-dias-mas","status":"publish","type":"post","link":"https:\/\/archive.sana.sy\/es\/?p=216253","title":{"rendered":"Prorrogado proceso de reconciliaci\u00f3n en Deraa dos d\u00edas m\u00e1s (+video)"},"content":{"rendered":"<p style=\"text-align: justify;\"><span style=\"color: #800000;\"><strong>Deraa, 28 ene (SANA)<\/strong> <\/span>El proceso de reconciliaci\u00f3n de un solo d\u00eda que comenz\u00f3 la v\u00edspera en la ciudad de Deraa, capital de la provincia del mismo nombre, en el sur de Siria ha sido prorrogada dos d\u00edas m\u00e1s debido a la gran concurrencia de civiles asiprantes de normalizar su estatus jur\u00eddico.<\/p>\n<p style=\"text-align: justify;\">Este proceso de corto tiempo constituye una oportunidad para aquellos pr\u00f3fugos y armados que no pudieron unirse al proceso de reconciliaci\u00f3n lanzado durante los meses de agosto y septiembre del a\u00f1o pasado.<\/p>\n<p style=\"text-align: justify;\">Gracias al mismo fueron indultados miles de armados que se entregaron voluntariamente y volvieron a ejercer su vida con plena normalidad.<\/p>\n<p style=\"text-align: justify;\"><em>ah\/fm\/sm<\/em><\/p>\n<p><iframe loading=\"lazy\" title=\"Proceso de reconciliaci\u00f3n en Deraa\" width=\"618\" height=\"464\" src=\"https:\/\/www.youtube.com\/embed\/1LOdnMwlGWE?feature=oembed\" frameborder=\"0\" allow=\"accelerometer; autoplay; clipboard-write; encrypted-media; gyroscope; picture-in-picture; web-share\" referrerpolicy=\"strict-origin-when-cross-origin\" allowfullscreen><\/iframe><\/p>\n","protected":false},"excerpt":{"rendered":"<p>Deraa, 28 ene (SANA) El proceso de reconciliaci\u00f3n de un solo d\u00eda que comenz\u00f3 la v\u00edspera en la ciudad de Deraa, capital de la provincia del mismo nombre, en el sur de Siria ha sido prorrogada dos d\u00edas m\u00e1s debido a la gran concurrencia de civiles asiprantes de normalizar su estatus jur\u00eddico. Este proceso de &hellip;<\/p>\n","protected":false},"author":39,"featured_media":216256,"comment_status":"closed","ping_status":"closed","sticky":false,"template":"","format":"standard","meta":{"footnotes":""},"categories":[447,477,597,573,476,457,583],"tags":[],"class_list":["post-216253","post","type-post","status-publish","format-standard","has-post-thumbnail","","category-local-politica","category-noticias-edulcorantes","category-cinta-de-noticias","category-la-realidad-de-los-acontecimientos-en-siria","category-locales","category-noticias-arabe-internacional-politica","category-slide"],"_links":{"self":[{"href":"https:\/\/archive.sana.sy\/es\/index.php?rest_route=\/wp\/v2\/posts\/216253"}],"collection":[{"href":"https:\/\/archive.sana.sy\/es\/index.php?rest_route=\/wp\/v2\/posts"}],"about":[{"href":"https:\/\/archive.sana.sy\/es\/index.php?rest_route=\/wp\/v2\/types\/post"}],"author":[{"embeddable":true,"href":"https:\/\/archive.sana.sy\/es\/index.php?rest_route=\/wp\/v2\/users\/39"}],"replies":[{"embeddable":true,"href":"https:\/\/archive.sana.sy\/es\/index.php?rest_route=%2Fwp%2Fv2%2Fcomments&post=216253"}],"version-history":[{"count":0,"href":"https:\/\/archive.sana.sy\/es\/index.php?rest_route=\/wp\/v2\/posts\/216253\/revisions"}],"wp:featuredmedia":[{"embeddable":true,"href":"https:\/\/archive.sana.sy\/es\/index.php?rest_route=\/wp\/v2\/media\/216256"}],"wp:attachment":[{"href":"https:\/\/archive.sana.sy\/es\/index.php?rest_route=%2Fwp%2Fv2%2Fmedia&parent=216253"}],"wp:term":[{"taxonomy":"category","embeddable":true,"href":"https:\/\/archive.sana.sy\/es\/index.php?rest_route=%2Fwp%2Fv2%2Fcategories&post=216253"},{"taxonomy":"post_tag","embeddable":true,"href":"https:\/\/archive.sana.sy\/es\/index.php?rest_route=%2Fwp%2Fv2%2Ftags&post=216253"}],"curies":[{"name":"wp","href":"https:\/\/api.w.org\/{rel}","templated":true}]}}