{"id":216260,"date":"2022-01-28T14:23:31","date_gmt":"2022-01-28T12:23:31","guid":{"rendered":"http:\/\/107.6.182.27\/es\/?p=216260"},"modified":"2023-01-10T16:38:59","modified_gmt":"2023-01-10T14:38:59","slug":"tropas-israelies-arrestan-a-palestinos-en-jerusalen-ocupada","status":"publish","type":"post","link":"https:\/\/archive.sana.sy\/es\/?p=216260","title":{"rendered":"Tropas israel\u00edes arrestan a palestinos en Jerusal\u00e9n ocupada"},"content":{"rendered":"<p style=\"text-align: justify;\"><span style=\"color: #800000;\"><strong>Jerusal\u00e9n ocupada, 28 ene (SANA)\u00a0<\/strong> <\/span>Las fuerzas de ocupaci\u00f3n israel\u00edes arrestaron hoy a cuatro palestinos en la ciudad ocupada de Jerusal\u00e9n.<\/p>\n<p style=\"text-align: justify;\">La agencia palestina de noticias Wafa inform\u00f3 que las tropas del ocupante sionista asaltaron la localidad de Issawiya, al noreste de Jerusal\u00e9n, y arrestaron a cuatro palestinos.<\/p>\n<p style=\"text-align: justify;\">Ayer, los soldados de ocupaci\u00f3n arrestaron a tres palestinos en Cisjordania y a dos en las afueras de la sitiada Franja de Gaza.<\/p>\n<p style=\"text-align: justify;\"><em>sm<\/em><\/p>\n","protected":false},"excerpt":{"rendered":"<p>Jerusal\u00e9n ocupada, 28 ene (SANA)\u00a0 Las fuerzas de ocupaci\u00f3n israel\u00edes arrestaron hoy a cuatro palestinos en la ciudad ocupada de Jerusal\u00e9n. La agencia palestina de noticias Wafa inform\u00f3 que las tropas del ocupante sionista asaltaron la localidad de Issawiya, al noreste de Jerusal\u00e9n, y arrestaron a cuatro palestinos. Ayer, los soldados de ocupaci\u00f3n arrestaron a &hellip;<\/p>\n","protected":false},"author":39,"featured_media":216261,"comment_status":"closed","ping_status":"closed","sticky":false,"template":"","format":"standard","meta":{"footnotes":""},"categories":[597,456,457],"tags":[],"class_list":["post-216260","post","type-post","status-publish","format-standard","has-post-thumbnail","","category-cinta-de-noticias","category-arabe-internacional-politica","category-noticias-arabe-internacional-politica"],"_links":{"self":[{"href":"https:\/\/archive.sana.sy\/es\/index.php?rest_route=\/wp\/v2\/posts\/216260"}],"collection":[{"href":"https:\/\/archive.sana.sy\/es\/index.php?rest_route=\/wp\/v2\/posts"}],"about":[{"href":"https:\/\/archive.sana.sy\/es\/index.php?rest_route=\/wp\/v2\/types\/post"}],"author":[{"embeddable":true,"href":"https:\/\/archive.sana.sy\/es\/index.php?rest_route=\/wp\/v2\/users\/39"}],"replies":[{"embeddable":true,"href":"https:\/\/archive.sana.sy\/es\/index.php?rest_route=%2Fwp%2Fv2%2Fcomments&post=216260"}],"version-history":[{"count":0,"href":"https:\/\/archive.sana.sy\/es\/index.php?rest_route=\/wp\/v2\/posts\/216260\/revisions"}],"wp:featuredmedia":[{"embeddable":true,"href":"https:\/\/archive.sana.sy\/es\/index.php?rest_route=\/wp\/v2\/media\/216261"}],"wp:attachment":[{"href":"https:\/\/archive.sana.sy\/es\/index.php?rest_route=%2Fwp%2Fv2%2Fmedia&parent=216260"}],"wp:term":[{"taxonomy":"category","embeddable":true,"href":"https:\/\/archive.sana.sy\/es\/index.php?rest_route=%2Fwp%2Fv2%2Fcategories&post=216260"},{"taxonomy":"post_tag","embeddable":true,"href":"https:\/\/archive.sana.sy\/es\/index.php?rest_route=%2Fwp%2Fv2%2Ftags&post=216260"}],"curies":[{"name":"wp","href":"https:\/\/api.w.org\/{rel}","templated":true}]}}