{"id":216263,"date":"2022-01-28T14:27:13","date_gmt":"2022-01-28T12:27:13","guid":{"rendered":"http:\/\/107.6.182.27\/es\/?p=216263"},"modified":"2023-01-10T16:38:59","modified_gmt":"2023-01-10T14:38:59","slug":"cuba-celebra-el-natalicio-de-su-apostol-jose-marti","status":"publish","type":"post","link":"https:\/\/archive.sana.sy\/es\/?p=216263","title":{"rendered":"Cuba celebra el natalicio de su ap\u00f3stol \u201cJos\u00e9 Mart\u00ed\u201d"},"content":{"rendered":"<p style=\"text-align: justify;\"><span style=\"color: #800000;\"><strong>La Habana, 28 ene (SANA)\u00a0<\/strong> <\/span>Bajo el lema \u201cLa antorcha de la juventud seguir\u00e1 en llamas\u201d, miles de cubanos recurrieron las calles de La Habana celebrando el natalicio del h\u00e9roe nacional Jos\u00e9 Mart\u00ed.<\/p>\n<p style=\"text-align: justify;\">A la marcha asistieron el presidente cubano Miguel D\u00edaz Canel, el expresidente de Rep\u00fablica Ra\u00fal Castro y grandes personalidades del gobierno.<\/p>\n<p style=\"text-align: justify;\">Cabe destacar que Jos\u00e9 Mart\u00ed es conocido como el ap\u00f3stol de la libertad y jug\u00f3 un papel esencial en la independencia de Cuba del colonialismo espa\u00f1ol.<\/p>\n<p style=\"text-align: justify;\">Es autor de varias obras de poes\u00eda, teatro, periodismo y es bien conocida su admiraci\u00f3n por la cultura \u00e1rabe, algo que se reflej\u00f3 en algunos de sus trabajos literarios.<\/p>\n<p style=\"text-align: justify;\"><em>sm\/rsh<\/em><\/p>\n","protected":false},"excerpt":{"rendered":"<p>La Habana, 28 ene (SANA)\u00a0 Bajo el lema \u201cLa antorcha de la juventud seguir\u00e1 en llamas\u201d, miles de cubanos recurrieron las calles de La Habana celebrando el natalicio del h\u00e9roe nacional Jos\u00e9 Mart\u00ed. A la marcha asistieron el presidente cubano Miguel D\u00edaz Canel, el expresidente de Rep\u00fablica Ra\u00fal Castro y grandes personalidades del gobierno. Cabe &hellip;<\/p>\n","protected":false},"author":39,"featured_media":216264,"comment_status":"closed","ping_status":"closed","sticky":false,"template":"","format":"standard","meta":{"footnotes":""},"categories":[597,456,457],"tags":[],"class_list":["post-216263","post","type-post","status-publish","format-standard","has-post-thumbnail","","category-cinta-de-noticias","category-arabe-internacional-politica","category-noticias-arabe-internacional-politica"],"_links":{"self":[{"href":"https:\/\/archive.sana.sy\/es\/index.php?rest_route=\/wp\/v2\/posts\/216263"}],"collection":[{"href":"https:\/\/archive.sana.sy\/es\/index.php?rest_route=\/wp\/v2\/posts"}],"about":[{"href":"https:\/\/archive.sana.sy\/es\/index.php?rest_route=\/wp\/v2\/types\/post"}],"author":[{"embeddable":true,"href":"https:\/\/archive.sana.sy\/es\/index.php?rest_route=\/wp\/v2\/users\/39"}],"replies":[{"embeddable":true,"href":"https:\/\/archive.sana.sy\/es\/index.php?rest_route=%2Fwp%2Fv2%2Fcomments&post=216263"}],"version-history":[{"count":0,"href":"https:\/\/archive.sana.sy\/es\/index.php?rest_route=\/wp\/v2\/posts\/216263\/revisions"}],"wp:featuredmedia":[{"embeddable":true,"href":"https:\/\/archive.sana.sy\/es\/index.php?rest_route=\/wp\/v2\/media\/216264"}],"wp:attachment":[{"href":"https:\/\/archive.sana.sy\/es\/index.php?rest_route=%2Fwp%2Fv2%2Fmedia&parent=216263"}],"wp:term":[{"taxonomy":"category","embeddable":true,"href":"https:\/\/archive.sana.sy\/es\/index.php?rest_route=%2Fwp%2Fv2%2Fcategories&post=216263"},{"taxonomy":"post_tag","embeddable":true,"href":"https:\/\/archive.sana.sy\/es\/index.php?rest_route=%2Fwp%2Fv2%2Ftags&post=216263"}],"curies":[{"name":"wp","href":"https:\/\/api.w.org\/{rel}","templated":true}]}}