{"id":216266,"date":"2022-01-28T14:51:27","date_gmt":"2022-01-28T12:51:27","guid":{"rendered":"http:\/\/107.6.182.27\/es\/?p=216266"},"modified":"2022-01-28T15:18:12","modified_gmt":"2022-01-28T13:18:12","slug":"un-puesto-de-control-del-ejercito-arabe-sirio-en-la-calle-palestina-de-la-ciudad-de-hasakeh-bloquea-el-paso-de-dos-vehiculos-militares-blindados-de-la-ocupacion-estadounidense-que-in","status":"publish","type":"post","link":"https:\/\/archive.sana.sy\/es\/?p=216266","title":{"rendered":"Corresponsal de SANA:  un ret\u00e9n del Ej\u00e9rcito \u00e1rabe sirio en la Calle Palestina en Hasakeh cierra el paso a dos blindados de la ocupaci\u00f3n estadounidense y los obliga a volver por donde ven\u00edan."},"content":{"rendered":"","protected":false},"excerpt":{"rendered":"","protected":false},"author":39,"featured_media":0,"comment_status":"closed","ping_status":"closed","sticky":false,"template":"","format":"standard","meta":{"footnotes":""},"categories":[1],"tags":[],"class_list":["post-216266","post","type-post","status-publish","format-standard","","category-news-not-sorted"],"_links":{"self":[{"href":"https:\/\/archive.sana.sy\/es\/index.php?rest_route=\/wp\/v2\/posts\/216266"}],"collection":[{"href":"https:\/\/archive.sana.sy\/es\/index.php?rest_route=\/wp\/v2\/posts"}],"about":[{"href":"https:\/\/archive.sana.sy\/es\/index.php?rest_route=\/wp\/v2\/types\/post"}],"author":[{"embeddable":true,"href":"https:\/\/archive.sana.sy\/es\/index.php?rest_route=\/wp\/v2\/users\/39"}],"replies":[{"embeddable":true,"href":"https:\/\/archive.sana.sy\/es\/index.php?rest_route=%2Fwp%2Fv2%2Fcomments&post=216266"}],"version-history":[{"count":0,"href":"https:\/\/archive.sana.sy\/es\/index.php?rest_route=\/wp\/v2\/posts\/216266\/revisions"}],"wp:attachment":[{"href":"https:\/\/archive.sana.sy\/es\/index.php?rest_route=%2Fwp%2Fv2%2Fmedia&parent=216266"}],"wp:term":[{"taxonomy":"category","embeddable":true,"href":"https:\/\/archive.sana.sy\/es\/index.php?rest_route=%2Fwp%2Fv2%2Fcategories&post=216266"},{"taxonomy":"post_tag","embeddable":true,"href":"https:\/\/archive.sana.sy\/es\/index.php?rest_route=%2Fwp%2Fv2%2Ftags&post=216266"}],"curies":[{"name":"wp","href":"https:\/\/api.w.org\/{rel}","templated":true}]}}