{"id":216270,"date":"2022-01-28T12:10:35","date_gmt":"2022-01-28T10:10:35","guid":{"rendered":"http:\/\/107.6.182.27\/es\/?p=216270"},"modified":"2023-01-10T16:38:59","modified_gmt":"2023-01-10T14:38:59","slug":"heridos-palestinos-por-represion-israeli-a-manifestaciones-en-hebron-y-naplusa","status":"publish","type":"post","link":"https:\/\/archive.sana.sy\/es\/?p=216270","title":{"rendered":"Heridos palestinos por represi\u00f3n israel\u00ed a manifestaciones en Hebr\u00f3n y Naplusa"},"content":{"rendered":"<p style=\"text-align: justify;\"><span style=\"color: #800000;\"><strong>Jerusal\u00e9n ocupada, 28\u00a0 ene (SANA)\u00a0<\/strong> <\/span>Decenas de palestinos resultaron heridos por represi\u00f3n de las fuerzas de ocupaci\u00f3n israel\u00edes a dos manifestaciones contra los asentamientos en las ciudades de Hebr\u00f3n y Naplusa en Cisjordania.<\/p>\n<p style=\"text-align: justify;\">Seg\u00fan inform\u00f3 la agencia palestina de noticias Wafa, los soldados israel\u00edes dispararon y lanzaron bombas de gas lacrim\u00f3geno contra los manifestantes, lo cual provoc\u00f3 la asfixia de decenas.<\/p>\n<p style=\"text-align: justify;\">Asimismo, las tropas sionistas obstruyeron la llegada de los equipos de ambulancia a los heridos en la localidad de Beita como resultado de la demolici\u00f3n de las tierras y el cierre de caminos agr\u00edcolas que conducen a la monta\u00f1a.<\/p>\n<p style=\"text-align: justify;\"><em>sm\/rsh<\/em><\/p>\n","protected":false},"excerpt":{"rendered":"<p>Jerusal\u00e9n ocupada, 28\u00a0 ene (SANA)\u00a0 Decenas de palestinos resultaron heridos por represi\u00f3n de las fuerzas de ocupaci\u00f3n israel\u00edes a dos manifestaciones contra los asentamientos en las ciudades de Hebr\u00f3n y Naplusa en Cisjordania. Seg\u00fan inform\u00f3 la agencia palestina de noticias Wafa, los soldados israel\u00edes dispararon y lanzaron bombas de gas lacrim\u00f3geno contra los manifestantes, lo &hellip;<\/p>\n","protected":false},"author":39,"featured_media":216271,"comment_status":"closed","ping_status":"closed","sticky":false,"template":"","format":"standard","meta":{"footnotes":""},"categories":[597,456,457,7541],"tags":[],"class_list":["post-216270","post","type-post","status-publish","format-standard","has-post-thumbnail","","category-cinta-de-noticias","category-arabe-internacional-politica","category-noticias-arabe-internacional-politica","category-ultimas-noticias"],"_links":{"self":[{"href":"https:\/\/archive.sana.sy\/es\/index.php?rest_route=\/wp\/v2\/posts\/216270"}],"collection":[{"href":"https:\/\/archive.sana.sy\/es\/index.php?rest_route=\/wp\/v2\/posts"}],"about":[{"href":"https:\/\/archive.sana.sy\/es\/index.php?rest_route=\/wp\/v2\/types\/post"}],"author":[{"embeddable":true,"href":"https:\/\/archive.sana.sy\/es\/index.php?rest_route=\/wp\/v2\/users\/39"}],"replies":[{"embeddable":true,"href":"https:\/\/archive.sana.sy\/es\/index.php?rest_route=%2Fwp%2Fv2%2Fcomments&post=216270"}],"version-history":[{"count":0,"href":"https:\/\/archive.sana.sy\/es\/index.php?rest_route=\/wp\/v2\/posts\/216270\/revisions"}],"wp:featuredmedia":[{"embeddable":true,"href":"https:\/\/archive.sana.sy\/es\/index.php?rest_route=\/wp\/v2\/media\/216271"}],"wp:attachment":[{"href":"https:\/\/archive.sana.sy\/es\/index.php?rest_route=%2Fwp%2Fv2%2Fmedia&parent=216270"}],"wp:term":[{"taxonomy":"category","embeddable":true,"href":"https:\/\/archive.sana.sy\/es\/index.php?rest_route=%2Fwp%2Fv2%2Fcategories&post=216270"},{"taxonomy":"post_tag","embeddable":true,"href":"https:\/\/archive.sana.sy\/es\/index.php?rest_route=%2Fwp%2Fv2%2Ftags&post=216270"}],"curies":[{"name":"wp","href":"https:\/\/api.w.org\/{rel}","templated":true}]}}