{"id":216280,"date":"2022-01-28T16:27:40","date_gmt":"2022-01-28T14:27:40","guid":{"rendered":"http:\/\/107.6.182.27\/es\/?p=216280"},"modified":"2022-01-28T16:37:09","modified_gmt":"2022-01-28T14:37:09","slug":"siria-afirma-ante-el-consejo-de-derechos-humanos-que-el-asedio-el-terrorismo-la-agresion-y-la-ocupacion-estadounidense-turca-e-israeli-de-partes-del-territorio-sirio-ocasionan-violaciones-masivas","status":"publish","type":"post","link":"https:\/\/archive.sana.sy\/es\/?p=216280","title":{"rendered":"Siria afirma ante el Consejo de Derechos Humanos  que el asedio, el terrorismo, la agresi\u00f3n y la ocupaci\u00f3n estadounidense, turca e israel\u00ed de partes del territorio sirio ocasionan violaciones masivas de los derechos humanos del pueblo sirio, a su frente el derecho a la vida, la salud, la alimentaci\u00f3n y el desarrollo."},"content":{"rendered":"","protected":false},"excerpt":{"rendered":"","protected":false},"author":39,"featured_media":0,"comment_status":"closed","ping_status":"closed","sticky":false,"template":"","format":"standard","meta":{"footnotes":""},"categories":[1],"tags":[],"class_list":["post-216280","post","type-post","status-publish","format-standard","","category-news-not-sorted"],"_links":{"self":[{"href":"https:\/\/archive.sana.sy\/es\/index.php?rest_route=\/wp\/v2\/posts\/216280"}],"collection":[{"href":"https:\/\/archive.sana.sy\/es\/index.php?rest_route=\/wp\/v2\/posts"}],"about":[{"href":"https:\/\/archive.sana.sy\/es\/index.php?rest_route=\/wp\/v2\/types\/post"}],"author":[{"embeddable":true,"href":"https:\/\/archive.sana.sy\/es\/index.php?rest_route=\/wp\/v2\/users\/39"}],"replies":[{"embeddable":true,"href":"https:\/\/archive.sana.sy\/es\/index.php?rest_route=%2Fwp%2Fv2%2Fcomments&post=216280"}],"version-history":[{"count":0,"href":"https:\/\/archive.sana.sy\/es\/index.php?rest_route=\/wp\/v2\/posts\/216280\/revisions"}],"wp:attachment":[{"href":"https:\/\/archive.sana.sy\/es\/index.php?rest_route=%2Fwp%2Fv2%2Fmedia&parent=216280"}],"wp:term":[{"taxonomy":"category","embeddable":true,"href":"https:\/\/archive.sana.sy\/es\/index.php?rest_route=%2Fwp%2Fv2%2Fcategories&post=216280"},{"taxonomy":"post_tag","embeddable":true,"href":"https:\/\/archive.sana.sy\/es\/index.php?rest_route=%2Fwp%2Fv2%2Ftags&post=216280"}],"curies":[{"name":"wp","href":"https:\/\/api.w.org\/{rel}","templated":true}]}}