{"id":216282,"date":"2022-01-28T16:35:26","date_gmt":"2022-01-28T14:35:26","guid":{"rendered":"http:\/\/107.6.182.27\/es\/?p=216282"},"modified":"2022-01-28T19:36:45","modified_gmt":"2022-01-28T17:36:45","slug":"practicas-de-eeuu-israel-y-turquia-llevan-a-violaciones-masivas-de-los-derechos-humanos-del-pueblo-sirio","status":"publish","type":"post","link":"https:\/\/archive.sana.sy\/es\/?p=216282","title":{"rendered":"Pr\u00e1cticas de EEUU, Israel y Turqu\u00eda llevan a violaciones masivas de los derechos humanos del pueblo sirio"},"content":{"rendered":"<p style=\"text-align: justify;\"><span style=\"color: #800000;\"><strong>Ginebra, 28 ene (SANA)\u00a0 <\/strong><\/span>El delegado permanente de Siria ante la Oficina de Naciones Unidas en Ginebra, Hussam Eddin Ala, asegur\u00f3 que el mecanismo de revisi\u00f3n peri\u00f3dica constituye el marco internacional \u00f3ptimo para examinar de manera objetiva, transparente y profesional el historial de derechos humanos de todos pa\u00edses en pie de igualdad y sin discriminaci\u00f3n ni selectividad.<\/p>\n<p style=\"text-align: justify;\">En su intervenci\u00f3n durante una sesi\u00f3n del Consejo de Derechos Humanos, dijo que no se deben utilizar los derechos humanos como pretexto para ofender o hostigar a los estados y servir a agendas intervencionistas impulsadas por consideraciones pol\u00edticas, tal como sucede durante las sesiones del Consejo de Derechos Humanos.<\/p>\n<p style=\"text-align: justify;\">\u201cEl asedio, el terrorismo, la agresi\u00f3n y la ocupaci\u00f3n estadounidense, turca e israel\u00ed de partes del territorio sirio ocasionan violaciones masivas de los derechos humanos del pueblo sirio, a su frente el derecho a la vida, la salud, la alimentaci\u00f3n y el desarrollo\u201d, asegur\u00f3 el diplom\u00e1tico.<\/p>\n<p style=\"text-align: justify;\">Lament\u00f3 el intento de algunas delegaciones de distorsionar la sesi\u00f3n de debate para ejercer confusi\u00f3n y enga\u00f1o y tratar de devolver la atm\u00f3sfera de confrontaci\u00f3n y polarizaci\u00f3n que presencian los debates en la agenda del Consejo de Derechos Humanos.<\/p>\n<p style=\"text-align: justify;\">El delegado sirio hizo alusi\u00f3n a los efectos desastrosos de estas medidas que afectan los sectores econ\u00f3mico y vitales b\u00e1sicos y violan una amplia gama de derechos humanos del pueblo sirio.<\/p>\n<p style=\"text-align: justify;\">fm\/sm<\/p>\n","protected":false},"excerpt":{"rendered":"<p>Ginebra, 28 ene (SANA)\u00a0 El delegado permanente de Siria ante la Oficina de Naciones Unidas en Ginebra, Hussam Eddin Ala, asegur\u00f3 que el mecanismo de revisi\u00f3n peri\u00f3dica constituye el marco internacional \u00f3ptimo para examinar de manera objetiva, transparente y profesional el historial de derechos humanos de todos pa\u00edses en pie de igualdad y sin discriminaci\u00f3n &hellip;<\/p>\n","protected":false},"author":39,"featured_media":216285,"comment_status":"closed","ping_status":"closed","sticky":false,"template":"","format":"standard","meta":{"footnotes":""},"categories":[597,457,467,583],"tags":[],"class_list":["post-216282","post","type-post","status-publish","format-standard","has-post-thumbnail","","category-cinta-de-noticias","category-noticias-arabe-internacional-politica","category-siria-y-el-mundo","category-slide"],"_links":{"self":[{"href":"https:\/\/archive.sana.sy\/es\/index.php?rest_route=\/wp\/v2\/posts\/216282"}],"collection":[{"href":"https:\/\/archive.sana.sy\/es\/index.php?rest_route=\/wp\/v2\/posts"}],"about":[{"href":"https:\/\/archive.sana.sy\/es\/index.php?rest_route=\/wp\/v2\/types\/post"}],"author":[{"embeddable":true,"href":"https:\/\/archive.sana.sy\/es\/index.php?rest_route=\/wp\/v2\/users\/39"}],"replies":[{"embeddable":true,"href":"https:\/\/archive.sana.sy\/es\/index.php?rest_route=%2Fwp%2Fv2%2Fcomments&post=216282"}],"version-history":[{"count":0,"href":"https:\/\/archive.sana.sy\/es\/index.php?rest_route=\/wp\/v2\/posts\/216282\/revisions"}],"wp:featuredmedia":[{"embeddable":true,"href":"https:\/\/archive.sana.sy\/es\/index.php?rest_route=\/wp\/v2\/media\/216285"}],"wp:attachment":[{"href":"https:\/\/archive.sana.sy\/es\/index.php?rest_route=%2Fwp%2Fv2%2Fmedia&parent=216282"}],"wp:term":[{"taxonomy":"category","embeddable":true,"href":"https:\/\/archive.sana.sy\/es\/index.php?rest_route=%2Fwp%2Fv2%2Fcategories&post=216282"},{"taxonomy":"post_tag","embeddable":true,"href":"https:\/\/archive.sana.sy\/es\/index.php?rest_route=%2Fwp%2Fv2%2Ftags&post=216282"}],"curies":[{"name":"wp","href":"https:\/\/api.w.org\/{rel}","templated":true}]}}