{"id":216375,"date":"2022-01-29T14:04:03","date_gmt":"2022-01-29T12:04:03","guid":{"rendered":"http:\/\/107.6.182.27\/es\/?p=216375"},"modified":"2023-01-10T14:20:54","modified_gmt":"2023-01-10T12:20:54","slug":"homenajean-en-siria-a-trabajadores-electricos-por-su-empeno-durante-las-nevadas","status":"publish","type":"post","link":"https:\/\/archive.sana.sy\/es\/?p=216375","title":{"rendered":"Homenajean en Siria a trabajadores el\u00e9ctricos por su empe\u00f1o durante las nevadas"},"content":{"rendered":"<p style=\"text-align: justify;\"><span style=\"color: #800000;\"><strong>Damasco, 29 ene (SANA)\u00a0 <\/strong><\/span>El Ministerio de Electricidad homenaje\u00f3 hoy a t\u00e9cnicos y trabajadores de las empresas p\u00fablicas de electricidad en las diferentes provincias sirias por sus esfuerzos sobresalientes en la reparaci\u00f3n de fallas de emergencia ocurridas por las condiciones clim\u00e1ticas.<\/p>\n<p style=\"text-align: justify;\">El homenaje se realiza gracias a instrucciones del presidente Bashar al-Assad por el empe\u00f1o de estos trabajadores que contribuy\u00f3 a la conservaci\u00f3n de los componentes del sistema el\u00e9ctrico nacional.<\/p>\n<p style=\"text-align: justify;\"><em>sm\/fm<\/em><\/p>\n","protected":false},"excerpt":{"rendered":"<p>Damasco, 29 ene (SANA)\u00a0 El Ministerio de Electricidad homenaje\u00f3 hoy a t\u00e9cnicos y trabajadores de las empresas p\u00fablicas de electricidad en las diferentes provincias sirias por sus esfuerzos sobresalientes en la reparaci\u00f3n de fallas de emergencia ocurridas por las condiciones clim\u00e1ticas. El homenaje se realiza gracias a instrucciones del presidente Bashar al-Assad por el empe\u00f1o &hellip;<\/p>\n","protected":false},"author":39,"featured_media":216376,"comment_status":"closed","ping_status":"closed","sticky":false,"template":"","format":"standard","meta":{"footnotes":""},"categories":[447,477,597,476,457,583],"tags":[],"class_list":["post-216375","post","type-post","status-publish","format-standard","has-post-thumbnail","","category-local-politica","category-noticias-edulcorantes","category-cinta-de-noticias","category-locales","category-noticias-arabe-internacional-politica","category-slide"],"_links":{"self":[{"href":"https:\/\/archive.sana.sy\/es\/index.php?rest_route=\/wp\/v2\/posts\/216375"}],"collection":[{"href":"https:\/\/archive.sana.sy\/es\/index.php?rest_route=\/wp\/v2\/posts"}],"about":[{"href":"https:\/\/archive.sana.sy\/es\/index.php?rest_route=\/wp\/v2\/types\/post"}],"author":[{"embeddable":true,"href":"https:\/\/archive.sana.sy\/es\/index.php?rest_route=\/wp\/v2\/users\/39"}],"replies":[{"embeddable":true,"href":"https:\/\/archive.sana.sy\/es\/index.php?rest_route=%2Fwp%2Fv2%2Fcomments&post=216375"}],"version-history":[{"count":0,"href":"https:\/\/archive.sana.sy\/es\/index.php?rest_route=\/wp\/v2\/posts\/216375\/revisions"}],"wp:featuredmedia":[{"embeddable":true,"href":"https:\/\/archive.sana.sy\/es\/index.php?rest_route=\/wp\/v2\/media\/216376"}],"wp:attachment":[{"href":"https:\/\/archive.sana.sy\/es\/index.php?rest_route=%2Fwp%2Fv2%2Fmedia&parent=216375"}],"wp:term":[{"taxonomy":"category","embeddable":true,"href":"https:\/\/archive.sana.sy\/es\/index.php?rest_route=%2Fwp%2Fv2%2Fcategories&post=216375"},{"taxonomy":"post_tag","embeddable":true,"href":"https:\/\/archive.sana.sy\/es\/index.php?rest_route=%2Fwp%2Fv2%2Ftags&post=216375"}],"curies":[{"name":"wp","href":"https:\/\/api.w.org\/{rel}","templated":true}]}}