{"id":216491,"date":"2022-01-30T15:27:42","date_gmt":"2022-01-30T13:27:42","guid":{"rendered":"http:\/\/107.6.182.27\/es\/?p=216491"},"modified":"2023-01-09T14:04:20","modified_gmt":"2023-01-09T12:04:20","slug":"victimas-civiles-por-explosion-de-bomba-colocada-en-automovil-en-la-ocupada-ciudad-de-afrin","status":"publish","type":"post","link":"https:\/\/archive.sana.sy\/es\/?p=216491","title":{"rendered":"V\u00edctimas civiles por explosi\u00f3n de bomba colocada en autom\u00f3vil en la ocupada ciudad de Afr\u00edn"},"content":{"rendered":"<p style=\"text-align: justify;\"><strong><span style=\"color: #800000;\">Alepo, 30 ene (SANA)\u00a0<\/span><\/strong> Varios civiles resultaron heridos hoy por la explosi\u00f3n de una bomba colocada en un autom\u00f3vil en la localidad de Rajo en el municipio de Afr\u00edn en el norte de la provincia de Alepo, que se encuentra ocupada por las fuerzas de ocupaci\u00f3n turcas y sus mercenarios.<\/p>\n<p style=\"text-align: justify;\">Activistas locales comunicaron a SANA que la bomba fue colocada en el coche de uno de los cabecillas de los mercenarios proturcos, y entre los heridos graves figura una ni\u00f1a, adem\u00e1s de ocasionar da\u00f1os materiales en el lugar.<\/p>\n<p style=\"text-align: justify;\">Las fuentes se\u00f1alaron que la explosi\u00f3n se produce en el contexto de los actuales combates entre los grupos terroristas para repartir \u00e1reas de influencia, bienes robados y control de pasos ilegales usados para el contrabando hacia Turqu\u00eda.<\/p>\n<p style=\"text-align: justify;\"><em>fm\/ws<\/em><\/p>\n","protected":false},"excerpt":{"rendered":"<p>Alepo, 30 ene (SANA)\u00a0 Varios civiles resultaron heridos hoy por la explosi\u00f3n de una bomba colocada en un autom\u00f3vil en la localidad de Rajo en el municipio de Afr\u00edn en el norte de la provincia de Alepo, que se encuentra ocupada por las fuerzas de ocupaci\u00f3n turcas y sus mercenarios. Activistas locales comunicaron a SANA &hellip;<\/p>\n","protected":false},"author":35,"featured_media":216492,"comment_status":"closed","ping_status":"closed","sticky":false,"template":"","format":"standard","meta":{"footnotes":""},"categories":[597,476,7541],"tags":[],"class_list":["post-216491","post","type-post","status-publish","format-standard","has-post-thumbnail","","category-cinta-de-noticias","category-locales","category-ultimas-noticias"],"_links":{"self":[{"href":"https:\/\/archive.sana.sy\/es\/index.php?rest_route=\/wp\/v2\/posts\/216491"}],"collection":[{"href":"https:\/\/archive.sana.sy\/es\/index.php?rest_route=\/wp\/v2\/posts"}],"about":[{"href":"https:\/\/archive.sana.sy\/es\/index.php?rest_route=\/wp\/v2\/types\/post"}],"author":[{"embeddable":true,"href":"https:\/\/archive.sana.sy\/es\/index.php?rest_route=\/wp\/v2\/users\/35"}],"replies":[{"embeddable":true,"href":"https:\/\/archive.sana.sy\/es\/index.php?rest_route=%2Fwp%2Fv2%2Fcomments&post=216491"}],"version-history":[{"count":0,"href":"https:\/\/archive.sana.sy\/es\/index.php?rest_route=\/wp\/v2\/posts\/216491\/revisions"}],"wp:featuredmedia":[{"embeddable":true,"href":"https:\/\/archive.sana.sy\/es\/index.php?rest_route=\/wp\/v2\/media\/216492"}],"wp:attachment":[{"href":"https:\/\/archive.sana.sy\/es\/index.php?rest_route=%2Fwp%2Fv2%2Fmedia&parent=216491"}],"wp:term":[{"taxonomy":"category","embeddable":true,"href":"https:\/\/archive.sana.sy\/es\/index.php?rest_route=%2Fwp%2Fv2%2Fcategories&post=216491"},{"taxonomy":"post_tag","embeddable":true,"href":"https:\/\/archive.sana.sy\/es\/index.php?rest_route=%2Fwp%2Fv2%2Ftags&post=216491"}],"curies":[{"name":"wp","href":"https:\/\/api.w.org\/{rel}","templated":true}]}}