{"id":216502,"date":"2022-01-30T15:18:40","date_gmt":"2022-01-30T13:18:40","guid":{"rendered":"http:\/\/107.6.182.27\/es\/?p=216502"},"modified":"2023-01-10T14:20:52","modified_gmt":"2023-01-10T12:20:52","slug":"ataque-popular-mata-a-cinco-integrantes-de-una-milicia-proestadounideses-en-raqa-siria","status":"publish","type":"post","link":"https:\/\/archive.sana.sy\/es\/?p=216502","title":{"rendered":"Ataque popular mata a cinco integrantes de una milicia proestadounideses en Raqa\/Siria"},"content":{"rendered":"<p style=\"text-align: justify;\"><strong><span style=\"color: #800000;\">Raqa, 30 ene (SANA)<\/span> <\/strong>Cinco integrantes de las llamadas Fuerzas Democr\u00e1ticas de Siria (FDS), respaldadas por las fuerzas de ocupaci\u00f3n estadounidenses, murieron en un ataque llevado a cabo por facciones populares al sur de la ciudad de Raqa.<\/p>\n<p style=\"text-align: justify;\">Activistas locales informaron a SANA que grupos populares emplearon varios tipos de armas contra uno de las posiciones militares de la referida milicia en el \u00e1rea del Panorama, al sur del centro de la ciudad de Raqa.<\/p>\n<p style=\"text-align: justify;\">Detallaron que la acci\u00f3n mat\u00f3 a cinco armados mientras otros resultaron heridos, y partes del sitio quedaron destruidos.<\/p>\n<p style=\"text-align: justify;\">Inmediatamente tras el ataque esta milicia mercenaria de Washington trajo refuerzos militares, impuso un cord\u00f3n de seguridad alrededor del lugar del ataque e inici\u00f3 una campa\u00f1a de b\u00fasqueda y allanamiento en paralelo con la llegada de varias ambulancias.<\/p>\n<p style=\"text-align: justify;\"><em>fm\/ed<\/em><\/p>\n","protected":false},"excerpt":{"rendered":"<p>Raqa, 30 ene (SANA) Cinco integrantes de las llamadas Fuerzas Democr\u00e1ticas de Siria (FDS), respaldadas por las fuerzas de ocupaci\u00f3n estadounidenses, murieron en un ataque llevado a cabo por facciones populares al sur de la ciudad de Raqa. Activistas locales informaron a SANA que grupos populares emplearon varios tipos de armas contra uno de las &hellip;<\/p>\n","protected":false},"author":32,"featured_media":216503,"comment_status":"closed","ping_status":"closed","sticky":false,"template":"","format":"standard","meta":{"footnotes":""},"categories":[447,477,597,476,457,7541],"tags":[19888,6553],"class_list":["post-216502","post","type-post","status-publish","format-standard","has-post-thumbnail","","category-local-politica","category-noticias-edulcorantes","category-cinta-de-noticias","category-locales","category-noticias-arabe-internacional-politica","category-ultimas-noticias","tag-raqa","tag-siria"],"_links":{"self":[{"href":"https:\/\/archive.sana.sy\/es\/index.php?rest_route=\/wp\/v2\/posts\/216502"}],"collection":[{"href":"https:\/\/archive.sana.sy\/es\/index.php?rest_route=\/wp\/v2\/posts"}],"about":[{"href":"https:\/\/archive.sana.sy\/es\/index.php?rest_route=\/wp\/v2\/types\/post"}],"author":[{"embeddable":true,"href":"https:\/\/archive.sana.sy\/es\/index.php?rest_route=\/wp\/v2\/users\/32"}],"replies":[{"embeddable":true,"href":"https:\/\/archive.sana.sy\/es\/index.php?rest_route=%2Fwp%2Fv2%2Fcomments&post=216502"}],"version-history":[{"count":0,"href":"https:\/\/archive.sana.sy\/es\/index.php?rest_route=\/wp\/v2\/posts\/216502\/revisions"}],"wp:featuredmedia":[{"embeddable":true,"href":"https:\/\/archive.sana.sy\/es\/index.php?rest_route=\/wp\/v2\/media\/216503"}],"wp:attachment":[{"href":"https:\/\/archive.sana.sy\/es\/index.php?rest_route=%2Fwp%2Fv2%2Fmedia&parent=216502"}],"wp:term":[{"taxonomy":"category","embeddable":true,"href":"https:\/\/archive.sana.sy\/es\/index.php?rest_route=%2Fwp%2Fv2%2Fcategories&post=216502"},{"taxonomy":"post_tag","embeddable":true,"href":"https:\/\/archive.sana.sy\/es\/index.php?rest_route=%2Fwp%2Fv2%2Ftags&post=216502"}],"curies":[{"name":"wp","href":"https:\/\/api.w.org\/{rel}","templated":true}]}}