{"id":216506,"date":"2022-01-30T15:34:08","date_gmt":"2022-01-30T13:34:08","guid":{"rendered":"http:\/\/107.6.182.27\/es\/?p=216506"},"modified":"2023-01-10T16:38:58","modified_gmt":"2023-01-10T14:38:58","slug":"ejercito-yemeni-derriba-un-avion-espia-de-fabricacion-estadounidense","status":"publish","type":"post","link":"https:\/\/archive.sana.sy\/es\/?p=216506","title":{"rendered":"Ej\u00e9rcito yemen\u00ed derriba un avi\u00f3n esp\u00eda de fabricaci\u00f3n estadounidense"},"content":{"rendered":"<p style=\"text-align: justify;\"><strong><span style=\"color: #800000;\">San\u00e1, 30 ene (SANA)<\/span> <\/strong>El ej\u00e9rcito yemen\u00ed derrib\u00f3 hoy un avi\u00f3n esp\u00eda de fabricaci\u00f3n estadounidense en la gobernaci\u00f3n de Marib.<\/p>\n<p style=\"text-align: justify;\">\u201cLas defensas antia\u00e9reas yemen\u00edes pudieron derribar un avi\u00f3n esp\u00eda Scan Eagle de fabricaci\u00f3n estadounidense mientras realizaba actos hostiles en el espacio a\u00e9reo de Marib, dijo el portavoz de las fuerzas armadas yemen\u00edes, el general de brigada Yahya Saree, en un comunicado.<\/p>\n<p style=\"text-align: justify;\">Saree dijo en otra declaraci\u00f3n que el ej\u00e9rcito yemen\u00ed lanz\u00f3 un misil bal\u00edstico contra los mercenarios del r\u00e9gimen saud\u00ed en el distrito de Usaylan de la gobernaci\u00f3n de Shabwa.<\/p>\n<p style=\"text-align: justify;\"><em>ed\/fm<\/em><\/p>\n","protected":false},"excerpt":{"rendered":"<p>San\u00e1, 30 ene (SANA) El ej\u00e9rcito yemen\u00ed derrib\u00f3 hoy un avi\u00f3n esp\u00eda de fabricaci\u00f3n estadounidense en la gobernaci\u00f3n de Marib. \u201cLas defensas antia\u00e9reas yemen\u00edes pudieron derribar un avi\u00f3n esp\u00eda Scan Eagle de fabricaci\u00f3n estadounidense mientras realizaba actos hostiles en el espacio a\u00e9reo de Marib, dijo el portavoz de las fuerzas armadas yemen\u00edes, el general de &hellip;<\/p>\n","protected":false},"author":32,"featured_media":216507,"comment_status":"closed","ping_status":"closed","sticky":false,"template":"","format":"standard","meta":{"footnotes":""},"categories":[597,456],"tags":[19743,20464,1347],"class_list":["post-216506","post","type-post","status-publish","format-standard","has-post-thumbnail","","category-cinta-de-noticias","category-arabe-internacional-politica","tag-estadounidense","tag-marib","tag-sana"],"_links":{"self":[{"href":"https:\/\/archive.sana.sy\/es\/index.php?rest_route=\/wp\/v2\/posts\/216506"}],"collection":[{"href":"https:\/\/archive.sana.sy\/es\/index.php?rest_route=\/wp\/v2\/posts"}],"about":[{"href":"https:\/\/archive.sana.sy\/es\/index.php?rest_route=\/wp\/v2\/types\/post"}],"author":[{"embeddable":true,"href":"https:\/\/archive.sana.sy\/es\/index.php?rest_route=\/wp\/v2\/users\/32"}],"replies":[{"embeddable":true,"href":"https:\/\/archive.sana.sy\/es\/index.php?rest_route=%2Fwp%2Fv2%2Fcomments&post=216506"}],"version-history":[{"count":0,"href":"https:\/\/archive.sana.sy\/es\/index.php?rest_route=\/wp\/v2\/posts\/216506\/revisions"}],"wp:featuredmedia":[{"embeddable":true,"href":"https:\/\/archive.sana.sy\/es\/index.php?rest_route=\/wp\/v2\/media\/216507"}],"wp:attachment":[{"href":"https:\/\/archive.sana.sy\/es\/index.php?rest_route=%2Fwp%2Fv2%2Fmedia&parent=216506"}],"wp:term":[{"taxonomy":"category","embeddable":true,"href":"https:\/\/archive.sana.sy\/es\/index.php?rest_route=%2Fwp%2Fv2%2Fcategories&post=216506"},{"taxonomy":"post_tag","embeddable":true,"href":"https:\/\/archive.sana.sy\/es\/index.php?rest_route=%2Fwp%2Fv2%2Ftags&post=216506"}],"curies":[{"name":"wp","href":"https:\/\/api.w.org\/{rel}","templated":true}]}}