{"id":21679,"date":"2015-04-21T15:44:49","date_gmt":"2015-04-21T12:44:49","guid":{"rendered":"http:\/\/www.sana.sy\/es\/?p=21679"},"modified":"2015-04-21T15:44:49","modified_gmt":"2015-04-21T12:44:49","slug":"330-personas-de-kirguistan-se-unen-a-los-terroristas-en-siria","status":"publish","type":"post","link":"https:\/\/archive.sana.sy\/es\/?p=21679","title":{"rendered":"330 personas de Kirguist\u00e1n se unen a los terroristas en Siria"},"content":{"rendered":"<p><span style=\"color: #ff0000\">Bishkek, SANA<\/span><\/p>\n<p>El viceprimer ministro de Kirguist\u00e1n, Abdul Rahman Mamataliev, anunci\u00f3 que cerca de 330 personas han abandonado el pa\u00eds hacia Siria para participar en los combates junto a las organizaciones terroristas armadas, entre ellos hay 30 mujeres.<\/p>\n<p>En una intervenci\u00f3n ante el Parlamento, Mamataliev dijo que &#8220;el n\u00famero de ciudadanos de la Rep\u00fablica que fueron asesinados durante el conflicto en Siria, es 13 personas.<\/p>\n<p>Es de destacar que las autoridades de Kirguist\u00e1n han empezado a verificar el n\u00famero de sus ciudadanos que viajaron a Siria a finales del a\u00f1o pasado.<\/p>\n<p><span style=\"color: #00ccff\">Fady M., Hala B.<\/span><\/p>\n","protected":false},"excerpt":{"rendered":"<p>Bishkek, SANA El viceprimer ministro de Kirguist\u00e1n, Abdul Rahman Mamataliev, anunci\u00f3 que cerca de 330 personas han abandonado el pa\u00eds hacia Siria para participar en los combates junto a las organizaciones terroristas armadas, entre ellos hay 30 mujeres. En una intervenci\u00f3n ante el Parlamento, Mamataliev dijo que &#8220;el n\u00famero de ciudadanos de la Rep\u00fablica que &hellip;<\/p>\n","protected":false},"author":1,"featured_media":21680,"comment_status":"closed","ping_status":"closed","sticky":false,"template":"","format":"standard","meta":{"footnotes":""},"categories":[456,576],"tags":[4945],"class_list":["post-21679","post","type-post","status-publish","format-standard","has-post-thumbnail","","category-arabe-internacional-politica","category-noticias-politicas","tag-330-personas-de-kirguistan-se-unen-a-los-terroristas-en-siria"],"_links":{"self":[{"href":"https:\/\/archive.sana.sy\/es\/index.php?rest_route=\/wp\/v2\/posts\/21679"}],"collection":[{"href":"https:\/\/archive.sana.sy\/es\/index.php?rest_route=\/wp\/v2\/posts"}],"about":[{"href":"https:\/\/archive.sana.sy\/es\/index.php?rest_route=\/wp\/v2\/types\/post"}],"author":[{"embeddable":true,"href":"https:\/\/archive.sana.sy\/es\/index.php?rest_route=\/wp\/v2\/users\/1"}],"replies":[{"embeddable":true,"href":"https:\/\/archive.sana.sy\/es\/index.php?rest_route=%2Fwp%2Fv2%2Fcomments&post=21679"}],"version-history":[{"count":0,"href":"https:\/\/archive.sana.sy\/es\/index.php?rest_route=\/wp\/v2\/posts\/21679\/revisions"}],"wp:featuredmedia":[{"embeddable":true,"href":"https:\/\/archive.sana.sy\/es\/index.php?rest_route=\/wp\/v2\/media\/21680"}],"wp:attachment":[{"href":"https:\/\/archive.sana.sy\/es\/index.php?rest_route=%2Fwp%2Fv2%2Fmedia&parent=21679"}],"wp:term":[{"taxonomy":"category","embeddable":true,"href":"https:\/\/archive.sana.sy\/es\/index.php?rest_route=%2Fwp%2Fv2%2Fcategories&post=21679"},{"taxonomy":"post_tag","embeddable":true,"href":"https:\/\/archive.sana.sy\/es\/index.php?rest_route=%2Fwp%2Fv2%2Ftags&post=21679"}],"curies":[{"name":"wp","href":"https:\/\/api.w.org\/{rel}","templated":true}]}}