{"id":216835,"date":"2022-02-02T09:50:29","date_gmt":"2022-02-02T07:50:29","guid":{"rendered":"http:\/\/107.6.182.27\/es\/?p=216835"},"modified":"2023-01-10T14:20:49","modified_gmt":"2023-01-10T12:20:49","slug":"150-familiares-de-martires-homenajeados-por-organizadores-de-la-feria-hecho-en-siria","status":"publish","type":"post","link":"https:\/\/archive.sana.sy\/es\/?p=216835","title":{"rendered":"150 familiares de m\u00e1rtires homenajeados por organizadores de la Feria &#8220;Hecho en Siria&#8221;"},"content":{"rendered":"<p style=\"text-align: justify;\"><strong><span style=\"color: #800000;\">Damasco, 2 feb (SANA)<\/span> <\/strong>M\u00e1s de 150 familias de m\u00e1rtires y heridos durante la guerra fueron honradas el martes durante las actividades de la 132\u00aa edici\u00f3n del Festival Mensual de Compras &#8220;Hecho en Siria&#8221;, celebrado en la Ciudad Deportiva de Al-Jalaa, en la capital Damasco.<\/p>\n<p style=\"text-align: justify;\">La ceremonia de homenaje fue organizada por la C\u00e1mara de Industria de Damasco en cooperaci\u00f3n con la Gobernaci\u00f3n de Damasco y la Compa\u00f1\u00eda Siria de Comercio.<\/p>\n<p style=\"text-align: justify;\">El secretario de la C\u00e1mara de Industria de Damasco, Muhammad Akram Al-Hallaq dijo que el homenaje a familiares de m\u00e1rtires y heridos de la guerra es gracias a sus sacrificios por el bien, la firmeza y la victoria de Siria y la continuaci\u00f3n de la rueda de la producci\u00f3n.<\/p>\n<p style=\"text-align: justify;\">A su vez, un miembro de la Oficina Ejecutiva, Faisal Sorour, indic\u00f3 que la provincia est\u00e1 dispuesta durante todas las actividades del festival a honrar al mayor n\u00famero posible de familias de m\u00e1rtires y heridos de guerra.<\/p>\n<p style=\"text-align: justify;\">Talal Qala Ji, jefe del comit\u00e9 organizador del festival, explic\u00f3 que el homenaje continuar\u00e1 hasta el final del festival el siete de este mes.<\/p>\n<p style=\"text-align: justify;\"><em>ed\/fm<\/em><\/p>\n<div id='gallery-1' class='gallery galleryid-216835 gallery-columns-1 gallery-size-full'><figure class='gallery-item'>\n\t\t\t<div class='gallery-icon landscape'>\n\t\t\t\t<a href='https:\/\/archive.sana.sy\/es\/wp-content\/uploads\/2022\/02\/DSC_7459-scaled.jpg'><img loading=\"lazy\" decoding=\"async\" width=\"2560\" height=\"1704\" src=\"https:\/\/archive.sana.sy\/es\/wp-content\/uploads\/2022\/02\/DSC_7459-scaled.jpg\" class=\"attachment-full size-full\" alt=\"\" srcset=\"https:\/\/archive.sana.sy\/es\/wp-content\/uploads\/2022\/02\/DSC_7459-scaled.jpg 2560w, https:\/\/archive.sana.sy\/es\/wp-content\/uploads\/2022\/02\/DSC_7459-300x200.jpg 300w, https:\/\/archive.sana.sy\/es\/wp-content\/uploads\/2022\/02\/DSC_7459-1024x682.jpg 1024w, https:\/\/archive.sana.sy\/es\/wp-content\/uploads\/2022\/02\/DSC_7459-150x100.jpg 150w, https:\/\/archive.sana.sy\/es\/wp-content\/uploads\/2022\/02\/DSC_7459-768x511.jpg 768w, https:\/\/archive.sana.sy\/es\/wp-content\/uploads\/2022\/02\/DSC_7459-1536x1022.jpg 1536w, https:\/\/archive.sana.sy\/es\/wp-content\/uploads\/2022\/02\/DSC_7459-2048x1363.jpg 2048w, https:\/\/archive.sana.sy\/es\/wp-content\/uploads\/2022\/02\/DSC_7459-310x205.jpg 310w\" sizes=\"(max-width: 2560px) 100vw, 2560px\" \/><\/a>\n\t\t\t<\/div><\/figure><figure class='gallery-item'>\n\t\t\t<div class='gallery-icon landscape'>\n\t\t\t\t<a href='https:\/\/archive.sana.sy\/es\/wp-content\/uploads\/2022\/02\/DSC_7463-scaled.jpg'><img loading=\"lazy\" decoding=\"async\" width=\"2560\" height=\"1704\" src=\"https:\/\/archive.sana.sy\/es\/wp-content\/uploads\/2022\/02\/DSC_7463-scaled.jpg\" class=\"attachment-full size-full\" alt=\"\" srcset=\"https:\/\/archive.sana.sy\/es\/wp-content\/uploads\/2022\/02\/DSC_7463-scaled.jpg 2560w, https:\/\/archive.sana.sy\/es\/wp-content\/uploads\/2022\/02\/DSC_7463-300x200.jpg 300w, https:\/\/archive.sana.sy\/es\/wp-content\/uploads\/2022\/02\/DSC_7463-1024x682.jpg 1024w, https:\/\/archive.sana.sy\/es\/wp-content\/uploads\/2022\/02\/DSC_7463-150x100.jpg 150w, https:\/\/archive.sana.sy\/es\/wp-content\/uploads\/2022\/02\/DSC_7463-768x511.jpg 768w, https:\/\/archive.sana.sy\/es\/wp-content\/uploads\/2022\/02\/DSC_7463-1536x1022.jpg 1536w, https:\/\/archive.sana.sy\/es\/wp-content\/uploads\/2022\/02\/DSC_7463-2048x1363.jpg 2048w, https:\/\/archive.sana.sy\/es\/wp-content\/uploads\/2022\/02\/DSC_7463-310x205.jpg 310w\" sizes=\"(max-width: 2560px) 100vw, 2560px\" \/><\/a>\n\t\t\t<\/div><\/figure><figure class='gallery-item'>\n\t\t\t<div class='gallery-icon landscape'>\n\t\t\t\t<a href='https:\/\/archive.sana.sy\/es\/wp-content\/uploads\/2022\/02\/DSC_7474-scaled.jpg'><img loading=\"lazy\" decoding=\"async\" width=\"2560\" height=\"1821\" src=\"https:\/\/archive.sana.sy\/es\/wp-content\/uploads\/2022\/02\/DSC_7474-scaled.jpg\" class=\"attachment-full size-full\" alt=\"\" srcset=\"https:\/\/archive.sana.sy\/es\/wp-content\/uploads\/2022\/02\/DSC_7474-scaled.jpg 2560w, https:\/\/archive.sana.sy\/es\/wp-content\/uploads\/2022\/02\/DSC_7474-300x213.jpg 300w, https:\/\/archive.sana.sy\/es\/wp-content\/uploads\/2022\/02\/DSC_7474-1024x728.jpg 1024w, https:\/\/archive.sana.sy\/es\/wp-content\/uploads\/2022\/02\/DSC_7474-150x107.jpg 150w, https:\/\/archive.sana.sy\/es\/wp-content\/uploads\/2022\/02\/DSC_7474-768x546.jpg 768w, https:\/\/archive.sana.sy\/es\/wp-content\/uploads\/2022\/02\/DSC_7474-1536x1092.jpg 1536w, https:\/\/archive.sana.sy\/es\/wp-content\/uploads\/2022\/02\/DSC_7474-2048x1457.jpg 2048w\" sizes=\"(max-width: 2560px) 100vw, 2560px\" \/><\/a>\n\t\t\t<\/div><\/figure><figure class='gallery-item'>\n\t\t\t<div class='gallery-icon landscape'>\n\t\t\t\t<a href='https:\/\/archive.sana.sy\/es\/wp-content\/uploads\/2022\/02\/DSC_7485-scaled.jpg'><img loading=\"lazy\" decoding=\"async\" width=\"2560\" height=\"1704\" src=\"https:\/\/archive.sana.sy\/es\/wp-content\/uploads\/2022\/02\/DSC_7485-scaled.jpg\" class=\"attachment-full size-full\" alt=\"\" srcset=\"https:\/\/archive.sana.sy\/es\/wp-content\/uploads\/2022\/02\/DSC_7485-scaled.jpg 2560w, https:\/\/archive.sana.sy\/es\/wp-content\/uploads\/2022\/02\/DSC_7485-300x200.jpg 300w, https:\/\/archive.sana.sy\/es\/wp-content\/uploads\/2022\/02\/DSC_7485-1024x682.jpg 1024w, https:\/\/archive.sana.sy\/es\/wp-content\/uploads\/2022\/02\/DSC_7485-150x100.jpg 150w, https:\/\/archive.sana.sy\/es\/wp-content\/uploads\/2022\/02\/DSC_7485-768x511.jpg 768w, https:\/\/archive.sana.sy\/es\/wp-content\/uploads\/2022\/02\/DSC_7485-1536x1022.jpg 1536w, https:\/\/archive.sana.sy\/es\/wp-content\/uploads\/2022\/02\/DSC_7485-2048x1363.jpg 2048w, https:\/\/archive.sana.sy\/es\/wp-content\/uploads\/2022\/02\/DSC_7485-310x205.jpg 310w\" sizes=\"(max-width: 2560px) 100vw, 2560px\" \/><\/a>\n\t\t\t<\/div><\/figure><figure class='gallery-item'>\n\t\t\t<div class='gallery-icon landscape'>\n\t\t\t\t<a href='https:\/\/archive.sana.sy\/es\/wp-content\/uploads\/2022\/02\/DSC_7489-scaled.jpg'><img loading=\"lazy\" decoding=\"async\" width=\"2560\" height=\"1704\" src=\"https:\/\/archive.sana.sy\/es\/wp-content\/uploads\/2022\/02\/DSC_7489-scaled.jpg\" class=\"attachment-full size-full\" alt=\"\" srcset=\"https:\/\/archive.sana.sy\/es\/wp-content\/uploads\/2022\/02\/DSC_7489-scaled.jpg 2560w, https:\/\/archive.sana.sy\/es\/wp-content\/uploads\/2022\/02\/DSC_7489-300x200.jpg 300w, https:\/\/archive.sana.sy\/es\/wp-content\/uploads\/2022\/02\/DSC_7489-1024x682.jpg 1024w, https:\/\/archive.sana.sy\/es\/wp-content\/uploads\/2022\/02\/DSC_7489-150x100.jpg 150w, https:\/\/archive.sana.sy\/es\/wp-content\/uploads\/2022\/02\/DSC_7489-768x511.jpg 768w, https:\/\/archive.sana.sy\/es\/wp-content\/uploads\/2022\/02\/DSC_7489-1536x1022.jpg 1536w, https:\/\/archive.sana.sy\/es\/wp-content\/uploads\/2022\/02\/DSC_7489-2048x1363.jpg 2048w, https:\/\/archive.sana.sy\/es\/wp-content\/uploads\/2022\/02\/DSC_7489-310x205.jpg 310w\" sizes=\"(max-width: 2560px) 100vw, 2560px\" \/><\/a>\n\t\t\t<\/div><\/figure>\n\t\t<\/div>\n\n","protected":false},"excerpt":{"rendered":"<p>Damasco, 2 feb (SANA) M\u00e1s de 150 familias de m\u00e1rtires y heridos durante la guerra fueron honradas el martes durante las actividades de la 132\u00aa edici\u00f3n del Festival Mensual de Compras &#8220;Hecho en Siria&#8221;, celebrado en la Ciudad Deportiva de Al-Jalaa, en la capital Damasco. La ceremonia de homenaje fue organizada por la C\u00e1mara de &hellip;<\/p>\n","protected":false},"author":32,"featured_media":216844,"comment_status":"closed","ping_status":"closed","sticky":false,"template":"","format":"standard","meta":{"footnotes":""},"categories":[447,477,597,476,583],"tags":[7161,6553],"class_list":["post-216835","post","type-post","status-publish","format-standard","has-post-thumbnail","","category-local-politica","category-noticias-edulcorantes","category-cinta-de-noticias","category-locales","category-slide","tag-damasco","tag-siria"],"_links":{"self":[{"href":"https:\/\/archive.sana.sy\/es\/index.php?rest_route=\/wp\/v2\/posts\/216835"}],"collection":[{"href":"https:\/\/archive.sana.sy\/es\/index.php?rest_route=\/wp\/v2\/posts"}],"about":[{"href":"https:\/\/archive.sana.sy\/es\/index.php?rest_route=\/wp\/v2\/types\/post"}],"author":[{"embeddable":true,"href":"https:\/\/archive.sana.sy\/es\/index.php?rest_route=\/wp\/v2\/users\/32"}],"replies":[{"embeddable":true,"href":"https:\/\/archive.sana.sy\/es\/index.php?rest_route=%2Fwp%2Fv2%2Fcomments&post=216835"}],"version-history":[{"count":0,"href":"https:\/\/archive.sana.sy\/es\/index.php?rest_route=\/wp\/v2\/posts\/216835\/revisions"}],"wp:featuredmedia":[{"embeddable":true,"href":"https:\/\/archive.sana.sy\/es\/index.php?rest_route=\/wp\/v2\/media\/216844"}],"wp:attachment":[{"href":"https:\/\/archive.sana.sy\/es\/index.php?rest_route=%2Fwp%2Fv2%2Fmedia&parent=216835"}],"wp:term":[{"taxonomy":"category","embeddable":true,"href":"https:\/\/archive.sana.sy\/es\/index.php?rest_route=%2Fwp%2Fv2%2Fcategories&post=216835"},{"taxonomy":"post_tag","embeddable":true,"href":"https:\/\/archive.sana.sy\/es\/index.php?rest_route=%2Fwp%2Fv2%2Ftags&post=216835"}],"curies":[{"name":"wp","href":"https:\/\/api.w.org\/{rel}","templated":true}]}}